{"id":5252,"date":"2023-06-11T22:51:21","date_gmt":"2023-06-12T01:51:21","guid":{"rendered":"https:\/\/www.correiodascidades.com.br\/v1\/?p=5252"},"modified":"2023-06-11T22:51:21","modified_gmt":"2023-06-12T01:51:21","slug":"saldo-de-r-254-bi-do-pis-pasep-esta-disponivel-para-saque","status":"publish","type":"post","link":"https:\/\/www.correiodascidades.com.br\/v1\/2023\/06\/11\/saldo-de-r-254-bi-do-pis-pasep-esta-disponivel-para-saque\/","title":{"rendered":"Saldo de R$ 25,4 bi do PIS-PASEP est\u00e1 dispon\u00edvel para saque"},"content":{"rendered":"<div class=\"entry-header\">\n<h1 class=\"jeg_post_title\"><\/h1>\n<\/div>\n<div class=\"entry-content with-share\">\n<div class=\"content-inner \">\n<h6><span class=\"highlight\"><a href=\"https:\/\/www.jornaldamidia.com.br\/wp-content\/uploads\/2022\/01\/real_moedadinheiro_jfcrz_abr_1701220041_1.jpg\" class=\"gallery_colorbox\"><img loading=\"lazy\" class=\" wp-image-318596\" src=\"https:\/\/www.jornaldamidia.com.br\/wp-content\/uploads\/2022\/01\/real_moedadinheiro_jfcrz_abr_1701220041_1.jpg\"  alt=\"\" width=\"605\" height=\"362\" data-pin-no-hover=\"true\" \/><\/a><\/span><\/h6>\n<p><span class=\"dropcap \">O<\/span>s trabalhadores que possuem saldo de cotas do Programa Integra\u00e7\u00e3o Social (PIS) e do Programa de Forma\u00e7\u00e3o do Patrim\u00f4nio do Servidor P\u00fablico (PASEP) t\u00eam at\u00e9 5 de agosto para sacar os valores. Os saques podem feitos pelo aplicativo FGTS, do Fundo de Garantia do Tempo de Servi\u00e7o. Os benefici\u00e1rios n\u00e3o necessitam comparecer \u00e0s ag\u00eancias banc\u00e1rias.<\/p>\n<p>De acordo com a Caixa Econ\u00f4mica Federal, atualmente, 10,5 milh\u00f5es de trabalhadores possuem saldo no PIS-PASEP dispon\u00edvel para saque, no total de R$ 25,4 bilh\u00f5es. O saque integral das cotas PIS-PASEP est\u00e1 dispon\u00edvel aos titulares das contas e, no caso de falecimento do titular, os benefici\u00e1rios legais poder\u00e3o fazer o saque.<\/p>\n<h3>Quem tem direito<\/h3>\n<p>Tem direito a sacar as cotas quem trabalhou com Carteira de Trabalho e Previd\u00eancia Social (CTPS) assinada na iniciativa privada ou como servidor p\u00fablico no per\u00edodo de 1971 a 1988, e que ainda n\u00e3o tenha sacado as cotas do PIS-PASEP.<\/p>\n<p>Se o saldo n\u00e3o for sacado at\u00e9 5 de agosto, os recursos ser\u00e3o transferidos do FGTS ao Tesouro Nacional. Nesse caso, os interessados ter\u00e3o at\u00e9 5 anos para fazer uma nova solicita\u00e7\u00e3o de retirada \u00e0 Uni\u00e3o.<\/p>\n<h3>Como consultar e sacar<\/h3>\n<p>Os benefici\u00e1rios com saldo de cotas do PIS-PASEP n\u00e3o precisam ir uma ag\u00eancia banc\u00e1ria para saber se t\u00eam direito ao saque ou at\u00e9 mesmo para receber o valor. No Aplicativo FGTS, que pode ser baixado gratuitamente, o trabalhador tem j\u00e1 na tela principal a op\u00e7\u00e3o de consulta ao saldo dispon\u00edvel para saque dos aos recursos.<\/p>\n<p>Em caso de valor positivo, para solicitar o saque no pr\u00f3prio aplicativo, basta selecionar a mensagem \u201cVoc\u00ea possui saque dispon\u00edvel\u201d, depois clicar em \u201cSolicitar o saque do PIS\/PASEP\u201d. O trabalhador dever\u00e1 escolher a forma de saque (cr\u00e9dito em conta ou presencial), verificar seus dados e selecionar \u201cConfirmar saque\u201d.<\/p>\n<p>Na op\u00e7\u00e3o de cr\u00e9dito em conta, o saldo ser\u00e1 creditado em conta banc\u00e1ria de qualquer institui\u00e7\u00e3o indicada pelo trabalhador, sem custo algum.<\/p>\n<p>Em caso de trabalhador falecido, o benefici\u00e1rio herdeiro pode acessar seu pr\u00f3prio Aplicativo FGTS e solicitar o saque na op\u00e7\u00e3o \u201cMeus Saques\u201d, depois \u201cOutras Situa\u00e7\u00f5es de Saque\u201d e, em seguida, escolher a op\u00e7\u00e3o \u201cPIS\/PASEP \u2013 Falecimento do Trabalhador\u201d. \u00c9 preciso juntar os documentos solicitados e confirmar a solicita\u00e7\u00e3o.<\/p>\n<p>Caso o trabalhador se enquadre em qualquer hip\u00f3tese de saque FGTS e tenha conta PIS-PASEP, o saldo dessa conta \u00e9 liberado em conjunto com o FGTS.<\/p>\n<p>Para mais informa\u00e7\u00f5es, os trabalhadores podem acessar o Aplicativo FGTS ou ligar para o telefone 4004-0104 (capitais e regi\u00f5es metropolitanas) ou para o 0800 104 0104, para demais regi\u00f5es.<\/p>\n<p>* Com informa\u00e7\u00f5es da Caixa Econ\u00f4mica Federal<\/p>\n<\/div>\n<\/div>\n","protected":false},"excerpt":{"rendered":"<p>Os trabalhadores que possuem saldo de cotas do Programa Integra\u00e7\u00e3o Social (PIS) e do Programa de Forma\u00e7\u00e3o do Patrim\u00f4nio do Servidor P\u00fablico (PASEP) t\u00eam at\u00e9 5 de agosto para sacar os valores. Os saques podem feitos pelo aplicativo FGTS, do Fundo de Garantia do Tempo de Servi\u00e7o. Os benefici\u00e1rios n\u00e3o necessitam comparecer \u00e0s ag\u00eancias banc\u00e1rias. [&hellip;]<\/p>\n","protected":false},"author":3,"featured_media":5253,"comment_status":"closed","ping_status":"closed","sticky":false,"template":"","format":"standard","meta":{"_links_to":"","_links_to_target":""},"categories":[11,2],"tags":[],"_links":{"self":[{"href":"https:\/\/www.correiodascidades.com.br\/v1\/wp-json\/wp\/v2\/posts\/5252"}],"collection":[{"href":"https:\/\/www.correiodascidades.com.br\/v1\/wp-json\/wp\/v2\/posts"}],"about":[{"href":"https:\/\/www.correiodascidades.com.br\/v1\/wp-json\/wp\/v2\/types\/post"}],"author":[{"embeddable":true,"href":"https:\/\/www.correiodascidades.com.br\/v1\/wp-json\/wp\/v2\/users\/3"}],"replies":[{"embeddable":true,"href":"https:\/\/www.correiodascidades.com.br\/v1\/wp-json\/wp\/v2\/comments?post=5252"}],"version-history":[{"count":1,"href":"https:\/\/www.correiodascidades.com.br\/v1\/wp-json\/wp\/v2\/posts\/5252\/revisions"}],"predecessor-version":[{"id":5254,"href":"https:\/\/www.correiodascidades.com.br\/v1\/wp-json\/wp\/v2\/posts\/5252\/revisions\/5254"}],"wp:featuredmedia":[{"embeddable":true,"href":"https:\/\/www.correiodascidades.com.br\/v1\/wp-json\/wp\/v2\/media\/5253"}],"wp:attachment":[{"href":"https:\/\/www.correiodascidades.com.br\/v1\/wp-json\/wp\/v2\/media?parent=5252"}],"wp:term":[{"taxonomy":"category","embeddable":true,"href":"https:\/\/www.correiodascidades.com.br\/v1\/wp-json\/wp\/v2\/categories?post=5252"},{"taxonomy":"post_tag","embeddable":true,"href":"https:\/\/www.correiodascidades.com.br\/v1\/wp-json\/wp\/v2\/tags?post=5252"}],"curies":[{"name":"wp","href":"https:\/\/api.w.org\/{rel}","templated":true}]}}