{"id":5915,"date":"2023-08-01T03:55:16","date_gmt":"2023-08-01T06:55:16","guid":{"rendered":"https:\/\/www.correiodascidades.com.br\/v1\/?p=5915"},"modified":"2023-08-01T03:55:16","modified_gmt":"2023-08-01T06:55:16","slug":"animal-provoca-grave-acidente-em-canavieiras","status":"publish","type":"post","link":"https:\/\/www.correiodascidades.com.br\/v1\/2023\/08\/01\/animal-provoca-grave-acidente-em-canavieiras\/","title":{"rendered":"Animal provoca grave acidente em Canavieiras"},"content":{"rendered":"<p><img loading=\"lazy\" class=\"alignnone  wp-image-5916\" src=\"https:\/\/www.correiodascidades.com.br\/v1\/wp-content\/uploads\/2023\/08\/179168.jpeg\" alt=\"\" width=\"538\" height=\"353\" srcset=\"https:\/\/www.correiodascidades.com.br\/v1\/wp-content\/uploads\/2023\/08\/179168.jpeg 600w, https:\/\/www.correiodascidades.com.br\/v1\/wp-content\/uploads\/2023\/08\/179168-300x197.jpeg 300w\" sizes=\"(max-width: 538px) 100vw, 538px\" \/>Um carro ficou destru\u00eddo, ap\u00f3s um grave acidente de tr\u00e2nsito na BA-001, no trecho dos munic\u00edpios de Ilh\u00e9us e Canavieiras, no sul da Bahia. A colis\u00e3o ocorreu neste domingo (30). As informa\u00e7\u00f5es s\u00e3o da R\u00e1dio Vale FM.<\/p>\n<p>Segundo o casal Amanuel e Rosi, eles estavam a bordo de um Fiat Uno, quando notaram um c\u00e3o na pista, proveram manobra para evitar o choque como o animal, mas acabaram batendo com carro que seguia atr\u00e1s.<\/p>\n<div class=\"stream-item stream-item-in-post stream-item-inline-post aligncenter\">As v\u00edtimas n\u00e3o se feriram gravemente, elas foram socorridas pelo SAMU \u2013 Servi\u00e7o de Atendimento M\u00f3vel de Urg\u00eancia.<\/div>\n","protected":false},"excerpt":{"rendered":"<p>Um carro ficou destru\u00eddo, ap\u00f3s um grave acidente de tr\u00e2nsito na BA-001, no trecho dos munic\u00edpios de Ilh\u00e9us e Canavieiras, no sul da Bahia. A colis\u00e3o ocorreu neste domingo (30). As informa\u00e7\u00f5es s\u00e3o da R\u00e1dio Vale FM. Segundo o casal Amanuel e Rosi, eles estavam a bordo de um Fiat Uno, quando notaram um c\u00e3o [&hellip;]<\/p>\n","protected":false},"author":3,"featured_media":5917,"comment_status":"closed","ping_status":"closed","sticky":false,"template":"","format":"standard","meta":{"_links_to":"","_links_to_target":""},"categories":[2],"tags":[],"_links":{"self":[{"href":"https:\/\/www.correiodascidades.com.br\/v1\/wp-json\/wp\/v2\/posts\/5915"}],"collection":[{"href":"https:\/\/www.correiodascidades.com.br\/v1\/wp-json\/wp\/v2\/posts"}],"about":[{"href":"https:\/\/www.correiodascidades.com.br\/v1\/wp-json\/wp\/v2\/types\/post"}],"author":[{"embeddable":true,"href":"https:\/\/www.correiodascidades.com.br\/v1\/wp-json\/wp\/v2\/users\/3"}],"replies":[{"embeddable":true,"href":"https:\/\/www.correiodascidades.com.br\/v1\/wp-json\/wp\/v2\/comments?post=5915"}],"version-history":[{"count":1,"href":"https:\/\/www.correiodascidades.com.br\/v1\/wp-json\/wp\/v2\/posts\/5915\/revisions"}],"predecessor-version":[{"id":5918,"href":"https:\/\/www.correiodascidades.com.br\/v1\/wp-json\/wp\/v2\/posts\/5915\/revisions\/5918"}],"wp:featuredmedia":[{"embeddable":true,"href":"https:\/\/www.correiodascidades.com.br\/v1\/wp-json\/wp\/v2\/media\/5917"}],"wp:attachment":[{"href":"https:\/\/www.correiodascidades.com.br\/v1\/wp-json\/wp\/v2\/media?parent=5915"}],"wp:term":[{"taxonomy":"category","embeddable":true,"href":"https:\/\/www.correiodascidades.com.br\/v1\/wp-json\/wp\/v2\/categories?post=5915"},{"taxonomy":"post_tag","embeddable":true,"href":"https:\/\/www.correiodascidades.com.br\/v1\/wp-json\/wp\/v2\/tags?post=5915"}],"curies":[{"name":"wp","href":"https:\/\/api.w.org\/{rel}","templated":true}]}}