{"id":5937,"date":"2023-08-02T22:09:54","date_gmt":"2023-08-03T01:09:54","guid":{"rendered":"https:\/\/www.correiodascidades.com.br\/v1\/?p=5937"},"modified":"2023-08-02T22:09:54","modified_gmt":"2023-08-03T01:09:54","slug":"jorge-amado-111-anos-programacao-especial-marca-abertura-do-mes-dedicado-ao-escritor","status":"publish","type":"post","link":"https:\/\/www.correiodascidades.com.br\/v1\/2023\/08\/02\/jorge-amado-111-anos-programacao-especial-marca-abertura-do-mes-dedicado-ao-escritor\/","title":{"rendered":"Jorge Amado, 111 anos: programa\u00e7\u00e3o especial marca abertura do m\u00eas dedicado ao escritor"},"content":{"rendered":"<p><img loading=\"lazy\" class=\"\" src=\"https:\/\/www.correiodascidades.com.br\/v1\/wp-content\/uploads\/2023\/08\/A4C8AE3C-D4EB-AD1B-C0AD-C8A2B0EB4A8A_450X650.jpg\" width=\"514\" height=\"743\" \/><\/p>\n<p>Na \u00faltima ter\u00e7a-feira (1\u00ba), a Prefeitura de Ilh\u00e9us, por meio das secretarias de Cultura e Educa\u00e7\u00e3o, deu in\u00edcio \u00e0s a\u00e7\u00f5es que fazem parte do projeto \u201cA gosto de Jorge\u201d, em homenagem a Jorge Amado, escritor que escolheu a cidade como sua terra e inspira\u00e7\u00e3o. A abertura ficou sob o comando de Gabriela Maja e Franklin Costa, que apresentaram ao p\u00fablico o melhor da MPB e m\u00fasicas relacionadas \u00e0 obra de Jorge Amado.<\/p>\n<p>A solenidade contou ainda com diversas interven\u00e7\u00f5es art\u00edsticas no palco do Teatro Municipal de Ilh\u00e9us. A mesa foi composta pelos secret\u00e1rios Geraldo Magela (Cultura), Eliane Oliveira (Educa\u00e7\u00e3o) e Mozart Arag\u00e3o (Casa Civil), que na ocasi\u00e3o representou o prefeito M\u00e1rio Alexandre, e pelo presidente do Conselho Municipal de Cultura, Marco Lessa. Em suas falas, todos evidenciaram a import\u00e2ncia da programa\u00e7\u00e3o alusiva ao escritor, figura que \u201cinternacionalizou Ilh\u00e9us\u201d.<\/p>\n<p>&nbsp;<\/p>\n<div class=\"imagem thumbnail col-xs-12 col-sm-8 col-md-6 col-lg-6 imagem-materia\"><a class=\"fresco\" title=\"\" href=\"https:\/\/portalfacilarquivos.blob.core.windows.net\/uploads\/ILHEUS\/imgOrig\/%7BA4C8AE3C-D4EB-AD1B-C0AD-C8A2B0EB4A8A%7D.jpg\" class=\"gallery_colorbox\" data-fresco-caption=\"\"><img loading=\"lazy\" src=\"https:\/\/portalfacilarquivos.blob.core.windows.net\/uploads\/ILHEUS\/img\/%7BA4C8AE3C-D4EB-AD1B-C0AD-C8A2B0EB4A8A%7D\/%7BA4C8AE3C-D4EB-AD1B-C0AD-C8A2B0EB4A8A%7D_450X650.jpg\"  alt=\"a gosto de jorge; jorge amado; 111 anos; secult; cultura\" width=\"450\" height=\"650\" \/><\/a>&nbsp;<\/p>\n<\/div>\n<p>&nbsp;<\/p>\n<p>Magela apresentou a programa\u00e7\u00e3o, destacando a grandiosidade das atividades. \u201cN\u00f3s teremos um leque de eventos, desde exposi\u00e7\u00f5es de arte, das crian\u00e7as [alunos da rede municipal], como de artistas pl\u00e1sticos renomados de Ilh\u00e9us, teremos teatro, dan\u00e7a, m\u00fasica, capoeira, o Cabar\u00e9 de Jorge e uma infinidade de atra\u00e7\u00f5es. Tudo para saudarmos e homenagearmos Jorge Amado\u201d, explicou o secret\u00e1rio.<\/p>\n<p>J\u00e1 Eliane exaltou a parceria entra as secretarias envolvidas. \u201cHoje, quem abre o \u2018A gosto de Jorge\u2019 n\u00e3o \u00e9 apenas a Cultura. \u00c9 a Cultura junto da Educa\u00e7\u00e3o, quem abre o m\u00eas de homenagens para Jorge Amado \u00e9 o Governo de Ilh\u00e9us\u201d, diz e completa, \u201cessa uni\u00e3o de esfor\u00e7os era um sonho do prefeito M\u00e1rio Alexandre, que estamos implementando neste evento\u201d.<\/p>\n<p>&nbsp;<\/p>\n<div class=\"imagem thumbnail col-xs-12 col-sm-8 col-md-6 col-lg-6 imagem-materia\"><a class=\"fresco\" title=\"\" href=\"https:\/\/portalfacilarquivos.blob.core.windows.net\/uploads\/ILHEUS\/imgOrig\/%7BAC4CEEB4-DA1C-6E1A-58DB-A4CEAD33DECB%7D.jpg\" class=\"gallery_colorbox\" data-fresco-caption=\"\"><img loading=\"lazy\" title=\"\" src=\"https:\/\/portalfacilarquivos.blob.core.windows.net\/uploads\/ILHEUS\/img\/%7BAC4CEEB4-DA1C-6E1A-58DB-A4CEAD33DECB%7D\/%7BAC4CEEB4-DA1C-6E1A-58DB-A4CEAD33DECB%7D_650X450.jpg\"  alt=\"a gosto de jorge; jorge amado; 111 anos; secult; cultura\" width=\"650\" height=\"450\" \/><\/a><\/p>\n<p class=\"bg-primary\">\n<\/div>\n<p>&nbsp;<\/p>\n<p>Ela tamb\u00e9m falou sobre import\u00e2ncia de Jorge Amado e como os alunos est\u00e3o trabalhando a sua obra. \u201cRedescobrir Jorge \u00e9 redescobrir o amor pela literatura e \u00e9 o que estamos fazendo, a gente j\u00e1 trabalha com a obra de Jorge h\u00e1 algum tempo, em nossa rede municipal, atrav\u00e9s do PCR [Planejamento Coletivo em Rede]. Para isso, treinamos nossos professores dos anos iniciais e finais e aproveitamos o planejamento para falar da hist\u00f3ria de Jorge, falar da cultura e das obras de Jorge Amado atrav\u00e9s da vis\u00e3o dos alunos\u201d.<\/p>\n","protected":false},"excerpt":{"rendered":"<p>Na \u00faltima ter\u00e7a-feira (1\u00ba), a Prefeitura de Ilh\u00e9us, por meio das secretarias de Cultura e Educa\u00e7\u00e3o, deu in\u00edcio \u00e0s a\u00e7\u00f5es que fazem parte do projeto \u201cA gosto de Jorge\u201d, em homenagem a Jorge Amado, escritor que escolheu a cidade como sua terra e inspira\u00e7\u00e3o. A abertura ficou sob o comando de Gabriela Maja e Franklin [&hellip;]<\/p>\n","protected":false},"author":3,"featured_media":5938,"comment_status":"closed","ping_status":"closed","sticky":false,"template":"","format":"standard","meta":{"_links_to":"","_links_to_target":""},"categories":[2],"tags":[],"_links":{"self":[{"href":"https:\/\/www.correiodascidades.com.br\/v1\/wp-json\/wp\/v2\/posts\/5937"}],"collection":[{"href":"https:\/\/www.correiodascidades.com.br\/v1\/wp-json\/wp\/v2\/posts"}],"about":[{"href":"https:\/\/www.correiodascidades.com.br\/v1\/wp-json\/wp\/v2\/types\/post"}],"author":[{"embeddable":true,"href":"https:\/\/www.correiodascidades.com.br\/v1\/wp-json\/wp\/v2\/users\/3"}],"replies":[{"embeddable":true,"href":"https:\/\/www.correiodascidades.com.br\/v1\/wp-json\/wp\/v2\/comments?post=5937"}],"version-history":[{"count":1,"href":"https:\/\/www.correiodascidades.com.br\/v1\/wp-json\/wp\/v2\/posts\/5937\/revisions"}],"predecessor-version":[{"id":5939,"href":"https:\/\/www.correiodascidades.com.br\/v1\/wp-json\/wp\/v2\/posts\/5937\/revisions\/5939"}],"wp:featuredmedia":[{"embeddable":true,"href":"https:\/\/www.correiodascidades.com.br\/v1\/wp-json\/wp\/v2\/media\/5938"}],"wp:attachment":[{"href":"https:\/\/www.correiodascidades.com.br\/v1\/wp-json\/wp\/v2\/media?parent=5937"}],"wp:term":[{"taxonomy":"category","embeddable":true,"href":"https:\/\/www.correiodascidades.com.br\/v1\/wp-json\/wp\/v2\/categories?post=5937"},{"taxonomy":"post_tag","embeddable":true,"href":"https:\/\/www.correiodascidades.com.br\/v1\/wp-json\/wp\/v2\/tags?post=5937"}],"curies":[{"name":"wp","href":"https:\/\/api.w.org\/{rel}","templated":true}]}}