{"id":5940,"date":"2023-08-02T22:12:28","date_gmt":"2023-08-03T01:12:28","guid":{"rendered":"https:\/\/www.correiodascidades.com.br\/v1\/?p=5940"},"modified":"2023-08-02T22:12:28","modified_gmt":"2023-08-03T01:12:28","slug":"professores-participam-da-semana-pedagogica-da-faculdades-de-ilheus","status":"publish","type":"post","link":"https:\/\/www.correiodascidades.com.br\/v1\/2023\/08\/02\/professores-participam-da-semana-pedagogica-da-faculdades-de-ilheus\/","title":{"rendered":"Professores participam da semana pedag\u00f3gica da Faculdades de Ilh\u00e9us"},"content":{"rendered":"<p><img loading=\"lazy\" class=\"\" src=\"https:\/\/www.correiodascidades.com.br\/v1\/wp-content\/uploads\/2023\/08\/Professores-de-todos-os-cursos-participaram-do-Programa-de-Instrumentalizacao-Docente.jpg\" width=\"564\" height=\"752\" \/><\/p>\n<p style=\"font-weight: 400;\">A Faculdade de Ilh\u00e9us e Faculdade Madre Tha\u00eds iniciaram a semana pedag\u00f3gica do segundo semestre do ano, na noite de segunda-feira, dia 31, com a nova edi\u00e7\u00e3o do Programa de Instrumentaliza\u00e7\u00e3o Docente\/Discente (PID). O evento aconteceu no audit\u00f3rio Professora Ad\u00e9lia Maria Carvalho de Melo, com a participa\u00e7\u00e3o dos professores de todos os cursos de gradua\u00e7\u00e3o ofertados na institui\u00e7\u00e3o, do diretor-geral, Almir Milanesi, e da diretora acad\u00eamica, Sandra Milanesi.<\/p>\n<p style=\"font-weight: 400;\">\n<p style=\"font-weight: 400;\">O PID integra as atividades do planejamento acad\u00eamico, que re\u00fane os colegiados dos cursos, e antecipa o in\u00edcio das aulas, marcado para o dia 8 de agosto. Na oportunidade, o professor Adailson Miranda, coordenador do programa, deu continuidade ao debate sobre metodologias ativas e suas aplica\u00e7\u00f5es na sala de aula, conforme as demandas apresentadas no processo ensino-aprendizagem contempor\u00e2neo.<\/p>\n<p style=\"font-weight: 400;\">\n<p style=\"font-weight: 400;\">Nesta edi\u00e7\u00e3o, houve tamb\u00e9m abordagem do tema Inclus\u00e3o e Acessibilidade em sala de aula, com a participa\u00e7\u00e3o da professora Alba Mendon\u00e7a Alves, do curso de Psicologia. O objetivo \u00e9 proporcionar mais capacita\u00e7\u00e3o profissional para um processo de aprendizagem com olhar hol\u00edstico, de acordo com a diversidade presente na pr\u00f3pria institui\u00e7\u00e3o.<\/p>\n<p style=\"font-weight: 400;\">\n<p style=\"font-weight: 400;\">Segundo o coordenador Adailson Miranda, o PID\u00a0contempla uma s\u00e9rie de demandas inerentes \u00e0 forma\u00e7\u00e3o continuada, em especial, no que tange ao planejamento dos procedimentos did\u00e1tico-pedag\u00f3gicos, com base nas recomenda\u00e7\u00f5es do Minist\u00e9rio da Educa\u00e7\u00e3o (MEC).\u00a0Com essa iniciativa, as faculdades confirmam seu compromisso com a oferta de cursos de gradua\u00e7\u00e3o cada vez mais qualificados e devidamente engajados com as demandas contempor\u00e2neas.<\/p>\n<p style=\"font-weight: 400;\">\n<p style=\"font-weight: 400;\">\n","protected":false},"excerpt":{"rendered":"<p>A Faculdade de Ilh\u00e9us e Faculdade Madre Tha\u00eds iniciaram a semana pedag\u00f3gica do segundo semestre do ano, na noite de segunda-feira, dia 31, com a nova edi\u00e7\u00e3o do Programa de Instrumentaliza\u00e7\u00e3o Docente\/Discente (PID). O evento aconteceu no audit\u00f3rio Professora Ad\u00e9lia Maria Carvalho de Melo, com a participa\u00e7\u00e3o dos professores de todos os cursos de gradua\u00e7\u00e3o [&hellip;]<\/p>\n","protected":false},"author":3,"featured_media":5941,"comment_status":"closed","ping_status":"closed","sticky":false,"template":"","format":"standard","meta":{"_links_to":"","_links_to_target":""},"categories":[2],"tags":[],"_links":{"self":[{"href":"https:\/\/www.correiodascidades.com.br\/v1\/wp-json\/wp\/v2\/posts\/5940"}],"collection":[{"href":"https:\/\/www.correiodascidades.com.br\/v1\/wp-json\/wp\/v2\/posts"}],"about":[{"href":"https:\/\/www.correiodascidades.com.br\/v1\/wp-json\/wp\/v2\/types\/post"}],"author":[{"embeddable":true,"href":"https:\/\/www.correiodascidades.com.br\/v1\/wp-json\/wp\/v2\/users\/3"}],"replies":[{"embeddable":true,"href":"https:\/\/www.correiodascidades.com.br\/v1\/wp-json\/wp\/v2\/comments?post=5940"}],"version-history":[{"count":1,"href":"https:\/\/www.correiodascidades.com.br\/v1\/wp-json\/wp\/v2\/posts\/5940\/revisions"}],"predecessor-version":[{"id":5942,"href":"https:\/\/www.correiodascidades.com.br\/v1\/wp-json\/wp\/v2\/posts\/5940\/revisions\/5942"}],"wp:featuredmedia":[{"embeddable":true,"href":"https:\/\/www.correiodascidades.com.br\/v1\/wp-json\/wp\/v2\/media\/5941"}],"wp:attachment":[{"href":"https:\/\/www.correiodascidades.com.br\/v1\/wp-json\/wp\/v2\/media?parent=5940"}],"wp:term":[{"taxonomy":"category","embeddable":true,"href":"https:\/\/www.correiodascidades.com.br\/v1\/wp-json\/wp\/v2\/categories?post=5940"},{"taxonomy":"post_tag","embeddable":true,"href":"https:\/\/www.correiodascidades.com.br\/v1\/wp-json\/wp\/v2\/tags?post=5940"}],"curies":[{"name":"wp","href":"https:\/\/api.w.org\/{rel}","templated":true}]}}