{"id":5968,"date":"2023-08-03T09:56:36","date_gmt":"2023-08-03T12:56:36","guid":{"rendered":"https:\/\/www.correiodascidades.com.br\/v1\/?p=5968"},"modified":"2023-08-03T09:56:36","modified_gmt":"2023-08-03T12:56:36","slug":"vereador-augustao-do-pt-sai-em-busca-de-melhorias-para-o-transporte-de-ilheus","status":"publish","type":"post","link":"https:\/\/www.correiodascidades.com.br\/v1\/2023\/08\/03\/vereador-augustao-do-pt-sai-em-busca-de-melhorias-para-o-transporte-de-ilheus\/","title":{"rendered":"Vereador August\u00e3o do PT sai em busca de melhorias para o transporte de Ilh\u00e9us"},"content":{"rendered":"<p><img loading=\"lazy\" class=\"\" src=\"https:\/\/www.correiodascidades.com.br\/v1\/wp-content\/uploads\/2023\/08\/th.jpeg\" width=\"533\" height=\"387\" \/><\/p>\n<p>As preocupa\u00e7\u00f5es do vereador Carlos Augusto do PT de Ilh\u00e9us, referentes ao desenvolvimento da cidade do seu povo, n\u00e3o param. O parlamentar, tamb\u00e9m conhecido com August\u00e3o do PT, \u00e9 presidente da Comiss\u00e3o de Transportes da C\u00e2mara do munic\u00edpio e diz estar insatisfeito com a qualidade do transporte coletivo que \u00e9 oferecido a popula\u00e7\u00e3o. \u201cS\u00e3o ve\u00edculos que muitas vezes n\u00e3o chegam no ponto final porque quebram e os passageiros fazem o resto do percurso a p\u00e9. Outro \u00f4nibus leva at\u00e9 uma hora pra passar no local\u201d, reflete o vereador.<\/p>\n<p>A tarifa na cidade \u00e9 de R$4,80. \u201cEsse pre\u00e7o \u00e9 muito alto diante do que as empresas oferecem como servi\u00e7o\u201d, acrescenta August\u00e3o. O novo valor da passagem de \u00f4nibus est\u00e1 em vigor desde o m\u00eas de maio quando houve o reajuste de R$1,00. Mas, ressalta o vereador que \u201cas camadas mais sofridas s\u00e3o aqueles que moram na zona rural e os povos ind\u00edgenas. Al\u00e9m da queima de hor\u00e1rios por parte de alguns motoristas, as estradas est\u00e3o em p\u00e9ssimo estado. O Povo paga R$8,00 para transportar as mercadorias para vender na feira: isso \u00e9 lament\u00e1vel\u201d, encerra August\u00e3o.<\/p>\n<p>A ideia do vereador \u00e9 conversar com o Governo do Estado e levar propostas concretas para a reformula\u00e7\u00e3o do transporte e a requalifica\u00e7\u00e3o das vias para proporcionar viagens r\u00e1pidas, tranquilas e seguras aos mun\u00edcipes. August\u00e3o ficou tamb\u00e9m de encaminhar outros projetos visando impulsionar a gera\u00e7\u00e3o de emprego e renda em Ilh\u00e9us.<\/p>\n","protected":false},"excerpt":{"rendered":"<p>As preocupa\u00e7\u00f5es do vereador Carlos Augusto do PT de Ilh\u00e9us, referentes ao desenvolvimento da cidade do seu povo, n\u00e3o param. O parlamentar, tamb\u00e9m conhecido com August\u00e3o do PT, \u00e9 presidente da Comiss\u00e3o de Transportes da C\u00e2mara do munic\u00edpio e diz estar insatisfeito com a qualidade do transporte coletivo que \u00e9 oferecido a popula\u00e7\u00e3o. \u201cS\u00e3o ve\u00edculos [&hellip;]<\/p>\n","protected":false},"author":3,"featured_media":5969,"comment_status":"closed","ping_status":"closed","sticky":false,"template":"","format":"standard","meta":{"_links_to":"","_links_to_target":""},"categories":[2],"tags":[],"_links":{"self":[{"href":"https:\/\/www.correiodascidades.com.br\/v1\/wp-json\/wp\/v2\/posts\/5968"}],"collection":[{"href":"https:\/\/www.correiodascidades.com.br\/v1\/wp-json\/wp\/v2\/posts"}],"about":[{"href":"https:\/\/www.correiodascidades.com.br\/v1\/wp-json\/wp\/v2\/types\/post"}],"author":[{"embeddable":true,"href":"https:\/\/www.correiodascidades.com.br\/v1\/wp-json\/wp\/v2\/users\/3"}],"replies":[{"embeddable":true,"href":"https:\/\/www.correiodascidades.com.br\/v1\/wp-json\/wp\/v2\/comments?post=5968"}],"version-history":[{"count":1,"href":"https:\/\/www.correiodascidades.com.br\/v1\/wp-json\/wp\/v2\/posts\/5968\/revisions"}],"predecessor-version":[{"id":5970,"href":"https:\/\/www.correiodascidades.com.br\/v1\/wp-json\/wp\/v2\/posts\/5968\/revisions\/5970"}],"wp:featuredmedia":[{"embeddable":true,"href":"https:\/\/www.correiodascidades.com.br\/v1\/wp-json\/wp\/v2\/media\/5969"}],"wp:attachment":[{"href":"https:\/\/www.correiodascidades.com.br\/v1\/wp-json\/wp\/v2\/media?parent=5968"}],"wp:term":[{"taxonomy":"category","embeddable":true,"href":"https:\/\/www.correiodascidades.com.br\/v1\/wp-json\/wp\/v2\/categories?post=5968"},{"taxonomy":"post_tag","embeddable":true,"href":"https:\/\/www.correiodascidades.com.br\/v1\/wp-json\/wp\/v2\/tags?post=5968"}],"curies":[{"name":"wp","href":"https:\/\/api.w.org\/{rel}","templated":true}]}}