{"id":5972,"date":"2023-08-03T16:20:33","date_gmt":"2023-08-03T19:20:33","guid":{"rendered":"https:\/\/www.correiodascidades.com.br\/v1\/?p=5972"},"modified":"2023-08-03T16:24:23","modified_gmt":"2023-08-03T19:24:23","slug":"mudancas-no-governo-marao-para-boaninha-o-que-era-bom-ficou-botimo","status":"publish","type":"post","link":"https:\/\/www.correiodascidades.com.br\/v1\/2023\/08\/03\/mudancas-no-governo-marao-para-boaninha-o-que-era-bom-ficou-botimo\/","title":{"rendered":"Mudan\u00e7as no governo Mar\u00e3o; Para Boaninha o que era bom ficou b\u00f3timo. Entretanto nada mudou"},"content":{"rendered":"<p>Al\u00e9m apenas da sa\u00edda de Manoelito e a entrada de Ari dos Santos tudo ficou como antes.<\/p>\n<p><img loading=\"lazy\" class=\"\" src=\"https:\/\/www.correiodascidades.com.br\/v1\/wp-content\/uploads\/2023\/08\/images-moises.jpg\" width=\"512\" height=\"505\" \/><\/p>\n<p>O prefeito M\u00e1rio Alexandre, Mar\u00e3o, sancionou reforma administrativa e promoveu mudan\u00e7as no primeiro escal\u00e3o da Prefeitura de Ilh\u00e9us. Recriada, a Secretaria de Rela\u00e7\u00f5es Institucionais foi assumida por Ari dos Santos, nome indicado pelo deputado estadual Rosemberg Pinto (PT), l\u00edder do Governo Jer\u00f4nimo na Assembleia Legislativa da Bahia. Ari, como \u00e9 conhecido, j\u00e1 foi diretor administrativo do Hospital Materno-Infantil Dr. Joaquim Sampaio.<\/p>\n<figure id=\"attachment_324530\" class=\"wp-caption aligncenter\" aria-describedby=\"caption-attachment-324530\"><img loading=\"lazy\" class=\"wp-image-324530\" src=\"https:\/\/pimenta.blog.br\/wp-content\/uploads\/2023\/08\/ari.jpg\" sizes=\"(max-width: 400px) 100vw, 400px\" srcset=\"https:\/\/pimenta.blog.br\/wp-content\/uploads\/2023\/08\/ari.jpg 500w, https:\/\/pimenta.blog.br\/wp-content\/uploads\/2023\/08\/ari-300x300.jpg 300w, https:\/\/pimenta.blog.br\/wp-content\/uploads\/2023\/08\/ari-150x150.jpg 150w\" alt=\"\" width=\"400\" height=\"400\" \/><figcaption id=\"caption-attachment-324530\" class=\"wp-caption-text\">Ari dos Santos \u00e9 o novo titular da Serin<\/figcaption><\/figure>\n<p>A reforma desmembrou em duas a Secretaria de Agricultura, Pesca e Interior. Mois\u00e9s Boana Neto deixou a assessoria especial do Governo e \u00e9 o novo secret\u00e1rio de Agricultura e Pesca. A Pasta era administrada pelo engenheiro civil Hermano Fahning, servidor de carreira do munic\u00edpio. Ao PIMENTA, Hermano informou que, at\u00e9 segunda ordem, permanece \u00e0 frente dos servi\u00e7os distritais (Interior).<\/p>\n<figure id=\"attachment_324527\" class=\"wp-caption aligncenter\" aria-describedby=\"caption-attachment-324527\"><img loading=\"lazy\" class=\"wp-image-324527\" src=\"https:\/\/pimenta.blog.br\/wp-content\/uploads\/2023\/08\/321791525_1253434158854801_9062229834499080713_n.jpg\" sizes=\"(max-width: 490px) 100vw, 490px\" srcset=\"https:\/\/pimenta.blog.br\/wp-content\/uploads\/2023\/08\/321791525_1253434158854801_9062229834499080713_n.jpg 720w, https:\/\/pimenta.blog.br\/wp-content\/uploads\/2023\/08\/321791525_1253434158854801_9062229834499080713_n-300x296.jpg 300w\" alt=\"\" width=\"490\" height=\"483\" \/><figcaption id=\"caption-attachment-324527\" class=\"wp-caption-text\">Prestigiado por Mar\u00e3o e Soane, Bohaninha assume Secretaria<\/figcaption><\/figure>\n<p>A maior novidade no desenho da administra\u00e7\u00e3o municipal \u00e9 a Secretaria de Pol\u00edticas para Mulheres, ainda sem comando oficial. O prefeito tamb\u00e9m criou o Gabinete de Transi\u00e7\u00e3o. Como o nome explicita, esse departamento cuidar\u00e1 da transi\u00e7\u00e3o governamental, de outubro de 2024 a dezembro de 2025.<\/p>\n<div class=\"g g-4\">\n<div class=\"g-single a-40\">\n<p>&nbsp;<\/p>\n<\/div>\n<\/div>\n<p><strong>SA\u00daDE<\/strong><\/p>\n<p>Edi\u00e7\u00e3o recente do Di\u00e1rio Oficial do Munic\u00edpio traz a nomea\u00e7\u00e3o de doze secret\u00e1rios, inclusive os citados acima. A lista mant\u00e9m os titulares anteriores nas mesmas pastas, a exemplo de Bento Lima (Gest\u00e3o), Marcelo Barreto (Ordem P\u00fablica), Geraldo Magela (Cultura) e F\u00e1bio J\u00fanior (Turismo).<\/p>\n<p>N\u00e3o houve mudan\u00e7a na Secretaria de Sa\u00fade, comandada pelo m\u00e9dico Andr\u00e9 Cez\u00e1rio, que \u00e9 do mesmo partido do prefeito, o PSD. O PIMENTA tentou contato com o secret\u00e1rio para questionar se ele permanece no cargo, mas n\u00e3o obteve resposta at\u00e9 o fechamento desta mat\u00e9ria.<\/p>\n<div class=\"addtoany_share_save_container addtoany_content addtoany_content_bottom\">\n<div class=\"a2a_kit a2a_kit_size_30 addtoany_list\" data-a2a-url=\"https:\/\/pimenta.blog.br\/2023\/08\/03\/marao-faz-novas-mudancas-no-secretariado\/\" data-a2a-title=\"MAR\u00c3O FAZ NOVAS MUDAN\u00c7AS NO SECRETARIADO\">\n<p><a class=\"a2a_button_facebook\" title=\"Facebook\" href=\"https:\/\/pimenta.blog.br\/#facebook\" target=\"_blank\" rel=\"nofollow noopener\"><span class=\"a2a_label\">F<\/span><\/a><\/p>\n<div class=\"fb-like fb_iframe_widget\" data-href=\"https:\/\/pimenta.blog.br\/2023\/08\/03\/marao-faz-novas-mudancas-no-secretariado\/\" data-width=\"90\" data-layout=\"button_count\" data-ref=\"addtoany\"><\/div>\n<\/div>\n<\/div>\n","protected":false},"excerpt":{"rendered":"<p>Al\u00e9m apenas da sa\u00edda de Manoelito e a entrada de Ari dos Santos tudo ficou como antes. O prefeito M\u00e1rio Alexandre, Mar\u00e3o, sancionou reforma administrativa e promoveu mudan\u00e7as no primeiro escal\u00e3o da Prefeitura de Ilh\u00e9us. Recriada, a Secretaria de Rela\u00e7\u00f5es Institucionais foi assumida por Ari dos Santos, nome indicado pelo deputado estadual Rosemberg Pinto (PT), [&hellip;]<\/p>\n","protected":false},"author":3,"featured_media":5973,"comment_status":"closed","ping_status":"closed","sticky":false,"template":"","format":"standard","meta":{"_links_to":"","_links_to_target":""},"categories":[4],"tags":[],"_links":{"self":[{"href":"https:\/\/www.correiodascidades.com.br\/v1\/wp-json\/wp\/v2\/posts\/5972"}],"collection":[{"href":"https:\/\/www.correiodascidades.com.br\/v1\/wp-json\/wp\/v2\/posts"}],"about":[{"href":"https:\/\/www.correiodascidades.com.br\/v1\/wp-json\/wp\/v2\/types\/post"}],"author":[{"embeddable":true,"href":"https:\/\/www.correiodascidades.com.br\/v1\/wp-json\/wp\/v2\/users\/3"}],"replies":[{"embeddable":true,"href":"https:\/\/www.correiodascidades.com.br\/v1\/wp-json\/wp\/v2\/comments?post=5972"}],"version-history":[{"count":4,"href":"https:\/\/www.correiodascidades.com.br\/v1\/wp-json\/wp\/v2\/posts\/5972\/revisions"}],"predecessor-version":[{"id":5977,"href":"https:\/\/www.correiodascidades.com.br\/v1\/wp-json\/wp\/v2\/posts\/5972\/revisions\/5977"}],"wp:featuredmedia":[{"embeddable":true,"href":"https:\/\/www.correiodascidades.com.br\/v1\/wp-json\/wp\/v2\/media\/5973"}],"wp:attachment":[{"href":"https:\/\/www.correiodascidades.com.br\/v1\/wp-json\/wp\/v2\/media?parent=5972"}],"wp:term":[{"taxonomy":"category","embeddable":true,"href":"https:\/\/www.correiodascidades.com.br\/v1\/wp-json\/wp\/v2\/categories?post=5972"},{"taxonomy":"post_tag","embeddable":true,"href":"https:\/\/www.correiodascidades.com.br\/v1\/wp-json\/wp\/v2\/tags?post=5972"}],"curies":[{"name":"wp","href":"https:\/\/api.w.org\/{rel}","templated":true}]}}