{"id":5982,"date":"2023-08-04T06:35:31","date_gmt":"2023-08-04T09:35:31","guid":{"rendered":"https:\/\/www.correiodascidades.com.br\/v1\/?p=5982"},"modified":"2023-08-04T06:35:31","modified_gmt":"2023-08-04T09:35:31","slug":"camara-de-eunapolis-aprova-mocao-de-aplauso-ao-delegado-moises-damasceno","status":"publish","type":"post","link":"https:\/\/www.correiodascidades.com.br\/v1\/2023\/08\/04\/camara-de-eunapolis-aprova-mocao-de-aplauso-ao-delegado-moises-damasceno\/","title":{"rendered":"C\u00e2mara de Eun\u00e1polis aprova Mo\u00e7\u00e3o de Aplauso ao Delegado Mois\u00e9s Damasceno"},"content":{"rendered":"<p><img loading=\"lazy\" class=\"wp-image-5983 size-full\" src=\"https:\/\/www.correiodascidades.com.br\/v1\/wp-content\/uploads\/2023\/08\/IMG-20230804-WA0009.jpg\" alt=\"\" width=\"600\" height=\"399\" srcset=\"https:\/\/www.correiodascidades.com.br\/v1\/wp-content\/uploads\/2023\/08\/IMG-20230804-WA0009.jpg 600w, https:\/\/www.correiodascidades.com.br\/v1\/wp-content\/uploads\/2023\/08\/IMG-20230804-WA0009-300x200.jpg 300w\" sizes=\"(max-width: 600px) 100vw, 600px\" \/><\/p>\n<p>Por Ascom\/CME<\/p>\n<p>Por unanimidade, o plen\u00e1rio da C\u00e2mara de Vereadores de Eun\u00e1polis aprovou, na manh\u00e3 desta quinta-feira, dia 03 de agosto, Mo\u00e7\u00e3o de Aplauso e Reconhecimento ao Delegado Mois\u00e9s Nunes Damasceno, que deixou a Coordena\u00e7\u00e3o Regional da Pol\u00edcia Civil, em sede em Eun\u00e1polis, para assumir a 8\u00aa Coorpin em Teixeira de Freitas.<!--more--><br \/>\nUm dos nomes mais respeitados da Pol\u00edcia Civil baiana, Mois\u00e9s Damasceno, que \u00e9 natural de Eun\u00e1polis, esteve \u00e0 frente da elucida\u00e7\u00e3o de crimes que tiveram grande repercuss\u00e3o \u201cdeixando um legado de a\u00e7\u00f5es positivas no brilhante exerc\u00edcio profissional\u201d diz o texto aprovado.<\/p>\n<p><strong>CARREIRA<\/strong><\/p>\n<p>Moises Damasceno \u00e9 um dos nomes mais respeitados da Pol\u00edcia Civil baiana, onde atua h\u00e1 25 anos. Em 2001, assumiu pela primeira vez o cargo de delegado no munic\u00edpio de Itabela. Menos de dois anos depois, deixou o cargo para ser titular da Delegacia de Eun\u00e1polis.<br \/>\nEm seguida, foi nomeado coordenador da 23\u00aa Coorpin, em sua primeira passagem pela unidade. Retornou em 2017. Depois disso, foi transferido de Eun\u00e1polis para ser titular da 6\u00aa Coorpin, em Itabuna e, na sequ\u00eancia, assumiu a diretoria do Departamento de Pol\u00edcia do Interior (Depin). Depois, foi diretor do Departamento de Crimes Contra o Patrim\u00f4nio (DCCP), em Salvador.<\/p>\n<p>Recentemente, integrou a for\u00e7a-tarefa criada pela Secretaria de Seguran\u00e7a P\u00fablica da Bahia (SSP-BA) para impedir novos conflitos entre fazendeiros e ind\u00edgenas no Extremo Sul.<br \/>\n\u201cSeu maior desafio \u00e0 frente da 23\u00aa Coorpin foi sempre combater o crime organizado em todas as suas modalidades. Sem d\u00favidas \u00e9 um profissional que exerce suas fun\u00e7\u00f5es com denodo e excel\u00eancia\u201d, destacou o presidente da Mesa Diretora da Casa, Jorge Ma\u00e9cio (PP).<\/p>\n","protected":false},"excerpt":{"rendered":"<p>Por Ascom\/CME Por unanimidade, o plen\u00e1rio da C\u00e2mara de Vereadores de Eun\u00e1polis aprovou, na manh\u00e3 desta quinta-feira, dia 03 de agosto, Mo\u00e7\u00e3o de Aplauso e Reconhecimento ao Delegado Mois\u00e9s Nunes Damasceno, que deixou a Coordena\u00e7\u00e3o Regional da Pol\u00edcia Civil, em sede em Eun\u00e1polis, para assumir a 8\u00aa Coorpin em Teixeira de Freitas.<\/p>\n","protected":false},"author":3,"featured_media":5983,"comment_status":"closed","ping_status":"closed","sticky":false,"template":"","format":"standard","meta":{"_links_to":"","_links_to_target":""},"categories":[3],"tags":[],"_links":{"self":[{"href":"https:\/\/www.correiodascidades.com.br\/v1\/wp-json\/wp\/v2\/posts\/5982"}],"collection":[{"href":"https:\/\/www.correiodascidades.com.br\/v1\/wp-json\/wp\/v2\/posts"}],"about":[{"href":"https:\/\/www.correiodascidades.com.br\/v1\/wp-json\/wp\/v2\/types\/post"}],"author":[{"embeddable":true,"href":"https:\/\/www.correiodascidades.com.br\/v1\/wp-json\/wp\/v2\/users\/3"}],"replies":[{"embeddable":true,"href":"https:\/\/www.correiodascidades.com.br\/v1\/wp-json\/wp\/v2\/comments?post=5982"}],"version-history":[{"count":1,"href":"https:\/\/www.correiodascidades.com.br\/v1\/wp-json\/wp\/v2\/posts\/5982\/revisions"}],"predecessor-version":[{"id":5984,"href":"https:\/\/www.correiodascidades.com.br\/v1\/wp-json\/wp\/v2\/posts\/5982\/revisions\/5984"}],"wp:featuredmedia":[{"embeddable":true,"href":"https:\/\/www.correiodascidades.com.br\/v1\/wp-json\/wp\/v2\/media\/5983"}],"wp:attachment":[{"href":"https:\/\/www.correiodascidades.com.br\/v1\/wp-json\/wp\/v2\/media?parent=5982"}],"wp:term":[{"taxonomy":"category","embeddable":true,"href":"https:\/\/www.correiodascidades.com.br\/v1\/wp-json\/wp\/v2\/categories?post=5982"},{"taxonomy":"post_tag","embeddable":true,"href":"https:\/\/www.correiodascidades.com.br\/v1\/wp-json\/wp\/v2\/tags?post=5982"}],"curies":[{"name":"wp","href":"https:\/\/api.w.org\/{rel}","templated":true}]}}