{"id":5995,"date":"2023-08-05T20:44:20","date_gmt":"2023-08-05T23:44:20","guid":{"rendered":"https:\/\/www.correiodascidades.com.br\/v1\/?p=5995"},"modified":"2023-08-05T20:44:20","modified_gmt":"2023-08-05T23:44:20","slug":"embasa-apresenta-projeto-para-implantacao-de-sistema-de-esgotamento-sanitario-em-aurelino-leal-e-ubaitaba","status":"publish","type":"post","link":"https:\/\/www.correiodascidades.com.br\/v1\/2023\/08\/05\/embasa-apresenta-projeto-para-implantacao-de-sistema-de-esgotamento-sanitario-em-aurelino-leal-e-ubaitaba\/","title":{"rendered":"Embasa apresenta Projeto para implanta\u00e7\u00e3o de sistema de esgotamento sanit\u00e1rio em Aurelino Leal e Ubaitaba"},"content":{"rendered":"<p>&nbsp;<\/p>\n<p><img loading=\"lazy\" class=\"\" src=\"https:\/\/www.correiodascidades.com.br\/v1\/wp-content\/uploads\/2023\/08\/th-1.jpg\" width=\"552\" height=\"288\" \/><\/p>\n<p>A Empresa Baiana de \u00c1guas e Saneamento (Embasa) promove no<br \/>\npr\u00f3ximo dia 8 de agosto (ter\u00e7a-feira), em Aurelino Leal e Ubaitaba,<br \/>\nconsultas e audi\u00eancias p\u00fablicas para apresenta\u00e7\u00e3o do projeto de<br \/>\nimplanta\u00e7\u00e3o do Sistema de Esgotamento Sanit\u00e1rio (SES) no modelo<br \/>\nLoca\u00e7\u00e3o de Ativos nos dois munic\u00edpios. A reuni\u00f5es v\u00e3o acontecer pela<br \/>\nmanh\u00e3 (10 \u00e0s 12 horas) na C\u00e2mara de Vereadores, em Aurelino Leal, e<br \/>\nem Ubaitaba \u00e0 tarde (14 \u00e0s 16 horas), tamb\u00e9m na C\u00e2mara de Vereadores.<br \/>\nRepresentantes e t\u00e9cnicos da Embasa v\u00e3o detalhar o projeto e o<br \/>\nprocesso licitat\u00f3rio para implanta\u00e7\u00e3o do sistema integrado de<br \/>\nesgotamento sanit\u00e1rio que beneficiar\u00e1 a popula\u00e7\u00e3o dos dois munic\u00edpios.<br \/>\nUma ampla divulga\u00e7\u00e3o est\u00e1 convocando os moradores a participarem das<br \/>\nreuni\u00f5es, al\u00e9m de membros dos poderes executivo, legislativo, judici\u00e1rio<br \/>\ne das organiza\u00e7\u00f5es da sociedade civil.<br \/>\nA implanta\u00e7\u00e3o do Sistema Integrado de Esgotamento Sanit\u00e1rio de<br \/>\nAurelino Leal e Ubaitaba tem o valor estimado de R$ 70,2 milh\u00f5es. No<br \/>\nmodelo de Loca\u00e7\u00e3o de Ativos, o parceiro privado, com recursos pr\u00f3prios<br \/>\nou de terceiros, financia e constr\u00f3i determinado ativo, por exemplo uma<br \/>\nesta\u00e7\u00e3o de tratamento de esgoto. Posteriormente, o ativo \u00e9 locado \u00e0<br \/>\nconcession\u00e1ria por prazo determinado, que o utilizar\u00e1 para prestar um<br \/>\nservi\u00e7o p\u00fablico.<br \/>\nA contrata\u00e7\u00e3o de uma loca\u00e7\u00e3o de ativos se d\u00e1 por meio de<br \/>\nprocedimento licitat\u00f3rio cujo objeto do certame precisa ser,<br \/>\nnecessariamente, a realiza\u00e7\u00e3o de obras de engenharia e o crit\u00e9rio de<br \/>\njulgamento o menor valor mensal de loca\u00e7\u00e3o (VML) pelo bem a ser<br \/>\nconstru\u00eddo. Ap\u00f3s finalizado o prazo do contrato de loca\u00e7\u00e3o, todo o<br \/>\nempreendimento constru\u00eddo passa a integrar o portf\u00f3lio de ativos da<br \/>\nEmbasa. \u00a0 Dentro do objetivo de ampliar o \u00edndice de atendimento dos<br \/>\nservi\u00e7os de abastecimento de \u00e1gua e esgotamento sanit\u00e1rio dos<br \/>\nmunic\u00edpios contratualizados, a Embasa j\u00e1 prev\u00ea a utiliza\u00e7\u00e3o desse novo<br \/>\nmodelo de contrata\u00e7\u00e3o em mais projetos at\u00e9 o final deste ano.<\/p>\n","protected":false},"excerpt":{"rendered":"<p>&nbsp; A Empresa Baiana de \u00c1guas e Saneamento (Embasa) promove no pr\u00f3ximo dia 8 de agosto (ter\u00e7a-feira), em Aurelino Leal e Ubaitaba, consultas e audi\u00eancias p\u00fablicas para apresenta\u00e7\u00e3o do projeto de implanta\u00e7\u00e3o do Sistema de Esgotamento Sanit\u00e1rio (SES) no modelo Loca\u00e7\u00e3o de Ativos nos dois munic\u00edpios. A reuni\u00f5es v\u00e3o acontecer pela manh\u00e3 (10 \u00e0s 12 [&hellip;]<\/p>\n","protected":false},"author":3,"featured_media":5996,"comment_status":"closed","ping_status":"closed","sticky":false,"template":"","format":"standard","meta":{"_links_to":"","_links_to_target":""},"categories":[2],"tags":[],"_links":{"self":[{"href":"https:\/\/www.correiodascidades.com.br\/v1\/wp-json\/wp\/v2\/posts\/5995"}],"collection":[{"href":"https:\/\/www.correiodascidades.com.br\/v1\/wp-json\/wp\/v2\/posts"}],"about":[{"href":"https:\/\/www.correiodascidades.com.br\/v1\/wp-json\/wp\/v2\/types\/post"}],"author":[{"embeddable":true,"href":"https:\/\/www.correiodascidades.com.br\/v1\/wp-json\/wp\/v2\/users\/3"}],"replies":[{"embeddable":true,"href":"https:\/\/www.correiodascidades.com.br\/v1\/wp-json\/wp\/v2\/comments?post=5995"}],"version-history":[{"count":1,"href":"https:\/\/www.correiodascidades.com.br\/v1\/wp-json\/wp\/v2\/posts\/5995\/revisions"}],"predecessor-version":[{"id":5997,"href":"https:\/\/www.correiodascidades.com.br\/v1\/wp-json\/wp\/v2\/posts\/5995\/revisions\/5997"}],"wp:featuredmedia":[{"embeddable":true,"href":"https:\/\/www.correiodascidades.com.br\/v1\/wp-json\/wp\/v2\/media\/5996"}],"wp:attachment":[{"href":"https:\/\/www.correiodascidades.com.br\/v1\/wp-json\/wp\/v2\/media?parent=5995"}],"wp:term":[{"taxonomy":"category","embeddable":true,"href":"https:\/\/www.correiodascidades.com.br\/v1\/wp-json\/wp\/v2\/categories?post=5995"},{"taxonomy":"post_tag","embeddable":true,"href":"https:\/\/www.correiodascidades.com.br\/v1\/wp-json\/wp\/v2\/tags?post=5995"}],"curies":[{"name":"wp","href":"https:\/\/api.w.org\/{rel}","templated":true}]}}