{"id":6014,"date":"2023-08-07T06:41:13","date_gmt":"2023-08-07T09:41:13","guid":{"rendered":"https:\/\/www.correiodascidades.com.br\/v1\/?p=6014"},"modified":"2023-08-07T06:41:13","modified_gmt":"2023-08-07T09:41:13","slug":"homem-e-assassinado-dentro-de-bar-em-jequie","status":"publish","type":"post","link":"https:\/\/www.correiodascidades.com.br\/v1\/2023\/08\/07\/homem-e-assassinado-dentro-de-bar-em-jequie\/","title":{"rendered":"Homem \u00e9 assassinado dentro de bar, em Jequi\u00e9"},"content":{"rendered":"<p><img loading=\"lazy\" class=\"\" src=\"https:\/\/www.correiodascidades.com.br\/v1\/wp-content\/uploads\/2023\/08\/homem-assassinado-em-jequie-1.jpeg\" width=\"487\" height=\"235\" \/><\/p>\n<p>Um homem morreu ao ser baleado dentro um bar no bairro Jequiezinho, em Jequi\u00e9, na noite deste s\u00e1bado (5). A v\u00edtima acabou morrendo dentro do banheiro.<\/p>\n<p>Segundo o Blog do Marcos Frahm, a v\u00edtima foi identificada por Lucas Carvalho dos Santos, 31. O autor entrou no estabelecimento, foi em dire\u00e7\u00e3o a v\u00edtima e efetuou os disparos.<\/p>\n<p>O corpo foi removido pelo Departamento de Pol\u00edcia T\u00e9cnica, sendo encaminhado para o Instituto M\u00e9dico Legal.<\/p>\n","protected":false},"excerpt":{"rendered":"<p>Um homem morreu ao ser baleado dentro um bar no bairro Jequiezinho, em Jequi\u00e9, na noite deste s\u00e1bado (5). A v\u00edtima acabou morrendo dentro do banheiro. Segundo o Blog do Marcos Frahm, a v\u00edtima foi identificada por Lucas Carvalho dos Santos, 31. O autor entrou no estabelecimento, foi em dire\u00e7\u00e3o a v\u00edtima e efetuou os [&hellip;]<\/p>\n","protected":false},"author":3,"featured_media":6015,"comment_status":"closed","ping_status":"closed","sticky":false,"template":"","format":"standard","meta":{"_links_to":"","_links_to_target":""},"categories":[2],"tags":[],"_links":{"self":[{"href":"https:\/\/www.correiodascidades.com.br\/v1\/wp-json\/wp\/v2\/posts\/6014"}],"collection":[{"href":"https:\/\/www.correiodascidades.com.br\/v1\/wp-json\/wp\/v2\/posts"}],"about":[{"href":"https:\/\/www.correiodascidades.com.br\/v1\/wp-json\/wp\/v2\/types\/post"}],"author":[{"embeddable":true,"href":"https:\/\/www.correiodascidades.com.br\/v1\/wp-json\/wp\/v2\/users\/3"}],"replies":[{"embeddable":true,"href":"https:\/\/www.correiodascidades.com.br\/v1\/wp-json\/wp\/v2\/comments?post=6014"}],"version-history":[{"count":1,"href":"https:\/\/www.correiodascidades.com.br\/v1\/wp-json\/wp\/v2\/posts\/6014\/revisions"}],"predecessor-version":[{"id":6016,"href":"https:\/\/www.correiodascidades.com.br\/v1\/wp-json\/wp\/v2\/posts\/6014\/revisions\/6016"}],"wp:featuredmedia":[{"embeddable":true,"href":"https:\/\/www.correiodascidades.com.br\/v1\/wp-json\/wp\/v2\/media\/6015"}],"wp:attachment":[{"href":"https:\/\/www.correiodascidades.com.br\/v1\/wp-json\/wp\/v2\/media?parent=6014"}],"wp:term":[{"taxonomy":"category","embeddable":true,"href":"https:\/\/www.correiodascidades.com.br\/v1\/wp-json\/wp\/v2\/categories?post=6014"},{"taxonomy":"post_tag","embeddable":true,"href":"https:\/\/www.correiodascidades.com.br\/v1\/wp-json\/wp\/v2\/tags?post=6014"}],"curies":[{"name":"wp","href":"https:\/\/api.w.org\/{rel}","templated":true}]}}