{"id":6037,"date":"2023-08-07T20:29:00","date_gmt":"2023-08-07T23:29:00","guid":{"rendered":"https:\/\/www.correiodascidades.com.br\/v1\/?p=6037"},"modified":"2023-08-07T20:29:00","modified_gmt":"2023-08-07T23:29:00","slug":"ilheus-junior-reis-responde-as-mentiras-inventadas-com-o-nome-do-pai-dele","status":"publish","type":"post","link":"https:\/\/www.correiodascidades.com.br\/v1\/2023\/08\/07\/ilheus-junior-reis-responde-as-mentiras-inventadas-com-o-nome-do-pai-dele\/","title":{"rendered":"ILH\u00c9US: J\u00fanior Reis responde as mentiras inventadas com o nome do pai dele"},"content":{"rendered":"<p><img loading=\"lazy\" class=\"\" src=\"https:\/\/www.correiodascidades.com.br\/v1\/wp-content\/uploads\/2023\/08\/9dbbb5a0-274f-4e09-a3ec-218fa94dc69e.jpg\" width=\"498\" height=\"887\" \/><\/p>\n<p>Em comunicado ao Correio das Cidades, a fam\u00edlia de Valderico Reis, atrav\u00e9s do filho Junior Reis informou que n\u00e3o \u00e9 verdadeira as postagens nas redes sociais onde mostra o velho Valderico deitado em um sof\u00e1 \u00a0jogado como um \u201c mendigo\u201d coitado.<\/p>\n<p>J\u00fanior Reis disse que Valderico tem uma senhora casa, por\u00e9m, preferiu alugar e aceitar o convite de moradia com Luciana Reis para n\u00e3o ficar sozinho.<\/p>\n<p>O mesmo disse ainda que constantemente est\u00e1 com ele nos finais de semana sempre um indo ao encontro do outro.<\/p>\n<p>Conforme mostram as fotos os dois se confraternizam quase que sempre por\u00e9m Valderico n\u00e3o \u00e9 mais o mesmo de vinte anos atr\u00e1s e com isso as andan\u00e7as diminu\u00edram, sendo assim ele sempre prefere ficar em um lugar onde o mesmo sinta-se a vontade pois como todos sabem ele n\u00e3o liga pra nada. J\u00fanior Reis disse ainda:<\/p>\n<p>\u201c \u201cMeu pai sempre gostou de uma vida simples \u00e9 pessoa largada no tempo e vive do modo que lhe faz bem e n\u00f3s respeitamos isso\u201d.\u00a0 <img loading=\"lazy\" class=\"alignnone  wp-image-6039\" src=\"https:\/\/www.correiodascidades.com.br\/v1\/wp-content\/uploads\/2023\/08\/a4da5ca6-b06b-40b0-9ad4-9f876ee5392d.jpg\" alt=\"\" width=\"402\" height=\"536\" srcset=\"https:\/\/www.correiodascidades.com.br\/v1\/wp-content\/uploads\/2023\/08\/a4da5ca6-b06b-40b0-9ad4-9f876ee5392d.jpg 450w, https:\/\/www.correiodascidades.com.br\/v1\/wp-content\/uploads\/2023\/08\/a4da5ca6-b06b-40b0-9ad4-9f876ee5392d-225x300.jpg 225w\" sizes=\"(max-width: 402px) 100vw, 402px\" \/> <img loading=\"lazy\" class=\"alignnone  wp-image-6040\" src=\"https:\/\/www.correiodascidades.com.br\/v1\/wp-content\/uploads\/2023\/08\/8cbb657d-de95-4e6b-a4ce-b34d6152a0c5.jpg\" alt=\"\" width=\"403\" height=\"537\" srcset=\"https:\/\/www.correiodascidades.com.br\/v1\/wp-content\/uploads\/2023\/08\/8cbb657d-de95-4e6b-a4ce-b34d6152a0c5.jpg 450w, https:\/\/www.correiodascidades.com.br\/v1\/wp-content\/uploads\/2023\/08\/8cbb657d-de95-4e6b-a4ce-b34d6152a0c5-225x300.jpg 225w\" sizes=\"(max-width: 403px) 100vw, 403px\" \/><\/p>\n<p>Ila\u00e7\u00f5es como estas fazem parte de uma maldade daqueles que tentam me acertarem politicamente, por\u00e9m n\u00e3o v\u00e3o conseguir.<\/p>\n<p>Somos uma fam\u00edlia de princ\u00edpios que entendemos o valor da fam\u00edlia e como ela deve ser tratada. Disse J\u00fanior Reis.<\/p>\n<p>&nbsp;<\/p>\n<p>&nbsp;<\/p>\n<p>&nbsp;<\/p>\n","protected":false},"excerpt":{"rendered":"<p>Em comunicado ao Correio das Cidades, a fam\u00edlia de Valderico Reis, atrav\u00e9s do filho Junior Reis informou que n\u00e3o \u00e9 verdadeira as postagens nas redes sociais onde mostra o velho Valderico deitado em um sof\u00e1 \u00a0jogado como um \u201c mendigo\u201d coitado. J\u00fanior Reis disse que Valderico tem uma senhora casa, por\u00e9m, preferiu alugar e aceitar [&hellip;]<\/p>\n","protected":false},"author":3,"featured_media":6038,"comment_status":"closed","ping_status":"closed","sticky":false,"template":"","format":"standard","meta":{"_links_to":"","_links_to_target":""},"categories":[11,2],"tags":[],"_links":{"self":[{"href":"https:\/\/www.correiodascidades.com.br\/v1\/wp-json\/wp\/v2\/posts\/6037"}],"collection":[{"href":"https:\/\/www.correiodascidades.com.br\/v1\/wp-json\/wp\/v2\/posts"}],"about":[{"href":"https:\/\/www.correiodascidades.com.br\/v1\/wp-json\/wp\/v2\/types\/post"}],"author":[{"embeddable":true,"href":"https:\/\/www.correiodascidades.com.br\/v1\/wp-json\/wp\/v2\/users\/3"}],"replies":[{"embeddable":true,"href":"https:\/\/www.correiodascidades.com.br\/v1\/wp-json\/wp\/v2\/comments?post=6037"}],"version-history":[{"count":1,"href":"https:\/\/www.correiodascidades.com.br\/v1\/wp-json\/wp\/v2\/posts\/6037\/revisions"}],"predecessor-version":[{"id":6041,"href":"https:\/\/www.correiodascidades.com.br\/v1\/wp-json\/wp\/v2\/posts\/6037\/revisions\/6041"}],"wp:featuredmedia":[{"embeddable":true,"href":"https:\/\/www.correiodascidades.com.br\/v1\/wp-json\/wp\/v2\/media\/6038"}],"wp:attachment":[{"href":"https:\/\/www.correiodascidades.com.br\/v1\/wp-json\/wp\/v2\/media?parent=6037"}],"wp:term":[{"taxonomy":"category","embeddable":true,"href":"https:\/\/www.correiodascidades.com.br\/v1\/wp-json\/wp\/v2\/categories?post=6037"},{"taxonomy":"post_tag","embeddable":true,"href":"https:\/\/www.correiodascidades.com.br\/v1\/wp-json\/wp\/v2\/tags?post=6037"}],"curies":[{"name":"wp","href":"https:\/\/api.w.org\/{rel}","templated":true}]}}