{"id":6065,"date":"2023-08-09T07:13:44","date_gmt":"2023-08-09T10:13:44","guid":{"rendered":"https:\/\/www.correiodascidades.com.br\/v1\/?p=6065"},"modified":"2023-08-09T07:13:44","modified_gmt":"2023-08-09T10:13:44","slug":"tse-empossa-primeira-ministra-negra-na-historia","status":"publish","type":"post","link":"https:\/\/www.correiodascidades.com.br\/v1\/2023\/08\/09\/tse-empossa-primeira-ministra-negra-na-historia\/","title":{"rendered":"TSE empossa primeira ministra negra na hist\u00f3ria"},"content":{"rendered":"<p><img src=\"https:\/\/www.correiodascidades.com.br\/v1\/wp-content\/uploads\/2023\/08\/posse-edilenelobo-TSE-ft-Antonio-Augusto-TSE-1.jpg\" \/><\/p>\n<p><span class=\"dropcap \">A <\/span>advogada Edilene Lobo tomou posse nesta ter\u00e7a-feira (8) no cargo de ministra substituta do Tribunal Superior Eleitoral (TSE). Ela \u00e9 a primeira mulher negra a assumir uma cadeira no tribunal.<\/p>\n<p>A cerim\u00f4nia de posse foi breve e realizada no gabinete do presidente da Corte, ministro Alexandre de Moraes, como \u00e9 praxe em posses de substitutos.<\/p>\n<p>A ministra chegou ao cargo ap\u00f3s ser indicada pelo presidente Luiz In\u00e1cio Lula da Silva para atuar na Corte. A nova ministra \u00e9 doutora em direito pela PUC Minas e mestra em direito pela Universidade Federal de Minas Gerais (UFMG).<\/p>\n<p>Durante a cerim\u00f4nia, Moraes ressaltou a import\u00e2ncia de empossar a primeira mulher negra no tribunal. \u201c\u00c9 uma grande honra dar posse \u00e0 primeira ministra negra da hist\u00f3ria do TSE. N\u00f3s conhecemos a compet\u00eancia, a intelig\u00eancia e o trabalho de Edilene. Hoje, ela se torna um s\u00edmbolo de respeito \u00e0 mulher negra\u201d, afirmou o ministro.<\/p>\n<p>O nome de Edilene estava na lista enviada pelo Supremo Tribunal Federal (STF) ao presidente Lula para indica\u00e7\u00e3o ao cargo. A lista tamb\u00e9m era formada pelas advogadas Daniela Borges, presidente da Ordem dos Advogados do Brasil (OAB) da Bahia e Marilda Silveira, que atua na \u00e1rea eleitoral em Bras\u00edlia.<\/p>\n<p>De acordo com a Constitui\u00e7\u00e3o, cabe ao presidente da Rep\u00fablica nomear os advogados que comp\u00f5em o tribunal. O TSE \u00e9 composto por sete ministros, sendo tr\u00eas do Supremo Tribunal Federal (STF), dois do Superior Tribunal de Justi\u00e7a (STJ) e dois advogados com not\u00f3rio saber jur\u00eddico, al\u00e9m dos respectivos substitutos.<\/p>\n","protected":false},"excerpt":{"rendered":"<p>A advogada Edilene Lobo tomou posse nesta ter\u00e7a-feira (8) no cargo de ministra substituta do Tribunal Superior Eleitoral (TSE). Ela \u00e9 a primeira mulher negra a assumir uma cadeira no tribunal. A cerim\u00f4nia de posse foi breve e realizada no gabinete do presidente da Corte, ministro Alexandre de Moraes, como \u00e9 praxe em posses de [&hellip;]<\/p>\n","protected":false},"author":3,"featured_media":6066,"comment_status":"closed","ping_status":"closed","sticky":false,"template":"","format":"standard","meta":{"_links_to":"","_links_to_target":""},"categories":[11,3],"tags":[],"_links":{"self":[{"href":"https:\/\/www.correiodascidades.com.br\/v1\/wp-json\/wp\/v2\/posts\/6065"}],"collection":[{"href":"https:\/\/www.correiodascidades.com.br\/v1\/wp-json\/wp\/v2\/posts"}],"about":[{"href":"https:\/\/www.correiodascidades.com.br\/v1\/wp-json\/wp\/v2\/types\/post"}],"author":[{"embeddable":true,"href":"https:\/\/www.correiodascidades.com.br\/v1\/wp-json\/wp\/v2\/users\/3"}],"replies":[{"embeddable":true,"href":"https:\/\/www.correiodascidades.com.br\/v1\/wp-json\/wp\/v2\/comments?post=6065"}],"version-history":[{"count":1,"href":"https:\/\/www.correiodascidades.com.br\/v1\/wp-json\/wp\/v2\/posts\/6065\/revisions"}],"predecessor-version":[{"id":6067,"href":"https:\/\/www.correiodascidades.com.br\/v1\/wp-json\/wp\/v2\/posts\/6065\/revisions\/6067"}],"wp:featuredmedia":[{"embeddable":true,"href":"https:\/\/www.correiodascidades.com.br\/v1\/wp-json\/wp\/v2\/media\/6066"}],"wp:attachment":[{"href":"https:\/\/www.correiodascidades.com.br\/v1\/wp-json\/wp\/v2\/media?parent=6065"}],"wp:term":[{"taxonomy":"category","embeddable":true,"href":"https:\/\/www.correiodascidades.com.br\/v1\/wp-json\/wp\/v2\/categories?post=6065"},{"taxonomy":"post_tag","embeddable":true,"href":"https:\/\/www.correiodascidades.com.br\/v1\/wp-json\/wp\/v2\/tags?post=6065"}],"curies":[{"name":"wp","href":"https:\/\/api.w.org\/{rel}","templated":true}]}}