{"id":6068,"date":"2023-08-09T07:16:36","date_gmt":"2023-08-09T10:16:36","guid":{"rendered":"https:\/\/www.correiodascidades.com.br\/v1\/?p=6068"},"modified":"2023-08-09T07:16:36","modified_gmt":"2023-08-09T10:16:36","slug":"novo-pac-deve-chegar-a-240-bi-de-investimento-publico","status":"publish","type":"post","link":"https:\/\/www.correiodascidades.com.br\/v1\/2023\/08\/09\/novo-pac-deve-chegar-a-240-bi-de-investimento-publico\/","title":{"rendered":"Novo PAC deve chegar a 240 bi de investimento p\u00fablico"},"content":{"rendered":"<p><img src=\"https:\/\/www.correiodascidades.com.br\/v1\/wp-content\/uploads\/2023\/08\/53102840671_c74bd09ec0_o.jpg\" \/><\/p>\n<p>O novo Programa de Acelera\u00e7\u00e3o do Crescimento (PAC), que ser\u00e1 lan\u00e7ado esta semana pelo governo federal, tem previs\u00e3o de R$ 240 bilh\u00f5es em recursos p\u00fablicos federais para os pr\u00f3ximos quatro anos. Os fundamentos do programa est\u00e3o sendo apresentados nesta ter\u00e7a-feira (8) aos l\u00edderes do Congresso pelos ministros da Casa Civil, Rui Costa, e das Rela\u00e7\u00f5es Institucionais, Alexandre Padilha.\u00a0<img src=\"https:\/\/agenciabrasil.ebc.com.br\/ebc.png?id=1547935&amp;o=node\" \/><img src=\"https:\/\/agenciabrasil.ebc.com.br\/ebc.gif?id=1547935&amp;o=node\" \/><\/p>\n<p>Al\u00e9m dos recursos do or\u00e7amento da Uni\u00e3o, o novo PAC contar\u00e1 com recursos das estatais, financiamento dos bancos p\u00fablicos e do setor privado, por meio de concess\u00f5es e parcerias p\u00fablico-privadas. Segundo o senador Cid Gomes, l\u00edder do PDT no Senado, o total investido dever\u00e1 chegar a R$ 1 trilh\u00e3o em quatro anos, incluindo os investimentos da Petrobras.<\/p>\n<p>\u201cOs grandes investimentos estruturantes j\u00e1 foram propostos pelos estados e os minist\u00e9rios tamb\u00e9m discutiram seus programas estruturantes, o que comp\u00f5e a primeira etapa do PAC. Uma outra rodada dever\u00e1 acontecer em setembro, a partir de um chamamento de propostas a serem apresentadas por estados e munic\u00edpios\u201d, disse Gomes.<\/p>\n<p>Segundo o senador Otto Alencar, que tamb\u00e9m participou da reuni\u00e3o, o PAC vai come\u00e7ar pelas obras inacabadas, que ser\u00e3o prioridade. \u201cDepois, os pleitos dos governadores e as obras que ser\u00e3o levadas como prioridades pelos minist\u00e9rios&#8221;, disse o l\u00edder do PSD.<\/p>\n<p>Os principais objetivos do novo PAC s\u00e3o incrementar os investimentos, garantir a infraestrutura econ\u00f4mica, social e urbana, melhorar a competitividade e gerar emprego de qualidade. Al\u00e9m dos tradicionais investimentos em infraestrutura, transporte e energia, a terceira edi\u00e7\u00e3o do programa\u00a0inclui novas \u00e1reas como inclus\u00e3o digital e conectividade, transi\u00e7\u00e3o energ\u00e9tica, ci\u00eancia e tecnologia, al\u00e9m da amplia\u00e7\u00e3o de a\u00e7\u00f5es nas \u00e1reas de educa\u00e7\u00e3o e sa\u00fade.<\/p>\n<p>A cerim\u00f4nia de lan\u00e7amento do Novo Programa de Acelera\u00e7\u00e3o do Crescimento (PAC) est\u00e1 marcada para a pr\u00f3xima sexta-feira (11), \u00e0s 10h, no Theatro Municipal do Rio de Janeiro.<\/p>\n","protected":false},"excerpt":{"rendered":"<p>O novo Programa de Acelera\u00e7\u00e3o do Crescimento (PAC), que ser\u00e1 lan\u00e7ado esta semana pelo governo federal, tem previs\u00e3o de R$ 240 bilh\u00f5es em recursos p\u00fablicos federais para os pr\u00f3ximos quatro anos. Os fundamentos do programa est\u00e3o sendo apresentados nesta ter\u00e7a-feira (8) aos l\u00edderes do Congresso pelos ministros da Casa Civil, Rui Costa, e das Rela\u00e7\u00f5es [&hellip;]<\/p>\n","protected":false},"author":3,"featured_media":6069,"comment_status":"closed","ping_status":"closed","sticky":false,"template":"","format":"standard","meta":{"_links_to":"","_links_to_target":""},"categories":[1],"tags":[],"_links":{"self":[{"href":"https:\/\/www.correiodascidades.com.br\/v1\/wp-json\/wp\/v2\/posts\/6068"}],"collection":[{"href":"https:\/\/www.correiodascidades.com.br\/v1\/wp-json\/wp\/v2\/posts"}],"about":[{"href":"https:\/\/www.correiodascidades.com.br\/v1\/wp-json\/wp\/v2\/types\/post"}],"author":[{"embeddable":true,"href":"https:\/\/www.correiodascidades.com.br\/v1\/wp-json\/wp\/v2\/users\/3"}],"replies":[{"embeddable":true,"href":"https:\/\/www.correiodascidades.com.br\/v1\/wp-json\/wp\/v2\/comments?post=6068"}],"version-history":[{"count":1,"href":"https:\/\/www.correiodascidades.com.br\/v1\/wp-json\/wp\/v2\/posts\/6068\/revisions"}],"predecessor-version":[{"id":6070,"href":"https:\/\/www.correiodascidades.com.br\/v1\/wp-json\/wp\/v2\/posts\/6068\/revisions\/6070"}],"wp:featuredmedia":[{"embeddable":true,"href":"https:\/\/www.correiodascidades.com.br\/v1\/wp-json\/wp\/v2\/media\/6069"}],"wp:attachment":[{"href":"https:\/\/www.correiodascidades.com.br\/v1\/wp-json\/wp\/v2\/media?parent=6068"}],"wp:term":[{"taxonomy":"category","embeddable":true,"href":"https:\/\/www.correiodascidades.com.br\/v1\/wp-json\/wp\/v2\/categories?post=6068"},{"taxonomy":"post_tag","embeddable":true,"href":"https:\/\/www.correiodascidades.com.br\/v1\/wp-json\/wp\/v2\/tags?post=6068"}],"curies":[{"name":"wp","href":"https:\/\/api.w.org\/{rel}","templated":true}]}}