{"id":6071,"date":"2023-08-09T07:20:47","date_gmt":"2023-08-09T10:20:47","guid":{"rendered":"https:\/\/www.correiodascidades.com.br\/v1\/?p=6071"},"modified":"2023-08-09T07:20:47","modified_gmt":"2023-08-09T10:20:47","slug":"servidores-da-prefeitura-de-ilheus-podem-aderir-ao-pdv-ate-21-de-outubro-entenda-condicoes","status":"publish","type":"post","link":"https:\/\/www.correiodascidades.com.br\/v1\/2023\/08\/09\/servidores-da-prefeitura-de-ilheus-podem-aderir-ao-pdv-ate-21-de-outubro-entenda-condicoes\/","title":{"rendered":"Servidores da Prefeitura de Ilh\u00e9us podem aderir ao PDV at\u00e9 21 de outubro; entenda condi\u00e7\u00f5es"},"content":{"rendered":"<p><img src=\"https:\/\/www.correiodascidades.com.br\/v1\/wp-content\/uploads\/2023\/08\/DC41AA1A-CBC2-CCCC-1CC8-31AC7B2D0B30_650X450.jpg\" \/><\/p>\n<p>Os servidores municipais que preenchem os requisitos para ades\u00e3o ao novo Programa de Desligamento Volunt\u00e1rio (PDV) ter\u00e3o at\u00e9 o dia 21 de outubro deste ano para formalizar o requerimento no Setor de Protocolo da Prefeitura de Ilh\u00e9us, de segunda a sexta-feira, das 8h \u00e0s 14h.<\/p>\n<p>O programa \u00e9 destinado aos servidores estatut\u00e1rios ou celetistas da ativa com direito a aposentadoria por tempo de servi\u00e7o e\/ou contribui\u00e7\u00e3o, assim como os que ingressaram na justi\u00e7a at\u00e9 a data do in\u00edcio de tramita\u00e7\u00e3o da Lei n\u00ba 4.233\/23, pedindo reintegra\u00e7\u00e3o contra a demiss\u00e3o pelo fato de estarem aposentados. A iniciativa oferece benef\u00edcio do pagamento de 35% da m\u00e9dia salarial nos \u00faltimos 12 meses, durante 15 anos.<\/p>\n<p><strong>Como funciona a ades\u00e3o?<\/strong><\/p>\n<p>O protocolo requerendo a ades\u00e3o ao PDV dever\u00e1 ser dirigido \u00e0 Secretaria de Gest\u00e3o, acompanhado dos documentos pessoais; certid\u00e3o negativa de processo administrativo junto \u00e0 Corregedoria-Geral do Munic\u00edpio; carta de concess\u00e3o ou protocolo de pedido de aposentadoria junto ao INSS e certid\u00e3o de distribui\u00e7\u00e3o do Ju\u00edzo C\u00edvel e Criminal da Comarca de Ilh\u00e9us.<\/p>\n<p>O servidor estatut\u00e1rio ou celetista j\u00e1 em gozo do benef\u00edcio previdenci\u00e1rio ser\u00e1 desvinculado do Munic\u00edpio com o deferimento da ades\u00e3o ao PDV. J\u00e1 o servidor que ainda n\u00e3o goza do benef\u00edcio previdenci\u00e1rio ficar\u00e1 vinculado ao servi\u00e7o p\u00fablico at\u00e9 a data do comunicado de concess\u00e3o do benef\u00edcio do INSS e do deferimento da ades\u00e3o do PDV.<\/p>\n<p>Conforme a Prefeitura, o servidor aderente que obtiver a concess\u00e3o da aposentadoria junto ao INSS dever\u00e1 informar tal fato \u00e0 Secretaria de Gest\u00e3o no prazo de 30 dias do recebimento do comunicado, sob pena de perda do direito ao programa. Outra vantagem significativa \u00e9 para aqueles servidores j\u00e1 afastados que est\u00e3o em lit\u00edgio judicial.<\/p>\n<p>Os profissionais podem pacificar o processo aderindo ao PDV. As verbas indenizat\u00f3rias n\u00e3o t\u00eam incid\u00eancia nem no imposto de renda nem no INSS, por serem fracionadas em 15 anos. Cerca de 350 servidores aderiram ao PDV anterior.<\/p>\n<p>&nbsp;<\/p>\n","protected":false},"excerpt":{"rendered":"<p>Os servidores municipais que preenchem os requisitos para ades\u00e3o ao novo Programa de Desligamento Volunt\u00e1rio (PDV) ter\u00e3o at\u00e9 o dia 21 de outubro deste ano para formalizar o requerimento no Setor de Protocolo da Prefeitura de Ilh\u00e9us, de segunda a sexta-feira, das 8h \u00e0s 14h. O programa \u00e9 destinado aos servidores estatut\u00e1rios ou celetistas da [&hellip;]<\/p>\n","protected":false},"author":3,"featured_media":6072,"comment_status":"closed","ping_status":"closed","sticky":false,"template":"","format":"standard","meta":{"_links_to":"","_links_to_target":""},"categories":[1],"tags":[],"_links":{"self":[{"href":"https:\/\/www.correiodascidades.com.br\/v1\/wp-json\/wp\/v2\/posts\/6071"}],"collection":[{"href":"https:\/\/www.correiodascidades.com.br\/v1\/wp-json\/wp\/v2\/posts"}],"about":[{"href":"https:\/\/www.correiodascidades.com.br\/v1\/wp-json\/wp\/v2\/types\/post"}],"author":[{"embeddable":true,"href":"https:\/\/www.correiodascidades.com.br\/v1\/wp-json\/wp\/v2\/users\/3"}],"replies":[{"embeddable":true,"href":"https:\/\/www.correiodascidades.com.br\/v1\/wp-json\/wp\/v2\/comments?post=6071"}],"version-history":[{"count":1,"href":"https:\/\/www.correiodascidades.com.br\/v1\/wp-json\/wp\/v2\/posts\/6071\/revisions"}],"predecessor-version":[{"id":6073,"href":"https:\/\/www.correiodascidades.com.br\/v1\/wp-json\/wp\/v2\/posts\/6071\/revisions\/6073"}],"wp:featuredmedia":[{"embeddable":true,"href":"https:\/\/www.correiodascidades.com.br\/v1\/wp-json\/wp\/v2\/media\/6072"}],"wp:attachment":[{"href":"https:\/\/www.correiodascidades.com.br\/v1\/wp-json\/wp\/v2\/media?parent=6071"}],"wp:term":[{"taxonomy":"category","embeddable":true,"href":"https:\/\/www.correiodascidades.com.br\/v1\/wp-json\/wp\/v2\/categories?post=6071"},{"taxonomy":"post_tag","embeddable":true,"href":"https:\/\/www.correiodascidades.com.br\/v1\/wp-json\/wp\/v2\/tags?post=6071"}],"curies":[{"name":"wp","href":"https:\/\/api.w.org\/{rel}","templated":true}]}}