{"id":6077,"date":"2023-08-10T06:59:01","date_gmt":"2023-08-10T09:59:01","guid":{"rendered":"https:\/\/www.correiodascidades.com.br\/v1\/?p=6077"},"modified":"2023-08-10T06:59:01","modified_gmt":"2023-08-10T09:59:01","slug":"candidato-a-presidencia-do-equador-e-assassinado","status":"publish","type":"post","link":"https:\/\/www.correiodascidades.com.br\/v1\/2023\/08\/10\/candidato-a-presidencia-do-equador-e-assassinado\/","title":{"rendered":"Candidato a presid\u00eancia do Equador \u00e9 assassinado"},"content":{"rendered":"<p><img loading=\"lazy\" class=\"\" src=\"https:\/\/www.correiodascidades.com.br\/v1\/wp-content\/uploads\/2023\/08\/FERNANDO-VILLAVICENCIO.jpeg\" width=\"559\" height=\"399\" \/><\/p>\n<p>Fernando Villavicencio, candidato a presidente do Equador foi assassinato com tr\u00eas tiros na cabe\u00e7a depois de sair de um\u00a0<a href=\"https:\/\/midiabahia.com.br\/vagas-de-emprego-sao-ofertadas-para-valenca-santo-antonio-de-jesus-jequie-e-outras-cidades-do-interior-nesta-segunda-feira-07\/\" data-type=\"post\" data-id=\"8795223\">com\u00edcio na cidade de Quito nesta quarta-feira<\/a>\u00a0(9). O presidente do pa\u00eds, Guillermo Lasso confirmou o homic\u00eddio por meio de comunicados nas redes sociais e afirmou que o crime \u201cn\u00e3o ficar\u00e1 impune\u201d.<\/p>\n<p>\u201cIndignado e chocado com o assassinato do candidato presidencial Fernando Villavicencio. Minha solidariedade e condol\u00eancias \u00e0 esposa e filhas.\u00a0<a href=\"https:\/\/midiabahia.com.br\/silvio-luiz-critica-narracao-das-mulheres-no-futebol\/\" data-type=\"post\" data-id=\"8795306\">Pela sua mem\u00f3ria e pela sua luta<\/a>, garanto-vos que este crime n\u00e3o ficar\u00e1 impune\u201d, afirmou Lasso, em seu perfil na rede social.<\/p>\n<div class=\"stream-item stream-item-in-post stream-item-inline-post aligncenter\">O presidente tamb\u00e9m informou que o Gabinete de Seguran\u00e7a da Presid\u00eancia da Rep\u00fablica far\u00e1 reuni\u00e3o extraordin\u00e1ria<\/div>\n","protected":false},"excerpt":{"rendered":"<p>Fernando Villavicencio, candidato a presidente do Equador foi assassinato com tr\u00eas tiros na cabe\u00e7a depois de sair de um\u00a0com\u00edcio na cidade de Quito nesta quarta-feira\u00a0(9). O presidente do pa\u00eds, Guillermo Lasso confirmou o homic\u00eddio por meio de comunicados nas redes sociais e afirmou que o crime \u201cn\u00e3o ficar\u00e1 impune\u201d. \u201cIndignado e chocado com o assassinato [&hellip;]<\/p>\n","protected":false},"author":3,"featured_media":6078,"comment_status":"closed","ping_status":"closed","sticky":false,"template":"","format":"standard","meta":{"_links_to":"","_links_to_target":""},"categories":[2],"tags":[],"_links":{"self":[{"href":"https:\/\/www.correiodascidades.com.br\/v1\/wp-json\/wp\/v2\/posts\/6077"}],"collection":[{"href":"https:\/\/www.correiodascidades.com.br\/v1\/wp-json\/wp\/v2\/posts"}],"about":[{"href":"https:\/\/www.correiodascidades.com.br\/v1\/wp-json\/wp\/v2\/types\/post"}],"author":[{"embeddable":true,"href":"https:\/\/www.correiodascidades.com.br\/v1\/wp-json\/wp\/v2\/users\/3"}],"replies":[{"embeddable":true,"href":"https:\/\/www.correiodascidades.com.br\/v1\/wp-json\/wp\/v2\/comments?post=6077"}],"version-history":[{"count":1,"href":"https:\/\/www.correiodascidades.com.br\/v1\/wp-json\/wp\/v2\/posts\/6077\/revisions"}],"predecessor-version":[{"id":6079,"href":"https:\/\/www.correiodascidades.com.br\/v1\/wp-json\/wp\/v2\/posts\/6077\/revisions\/6079"}],"wp:featuredmedia":[{"embeddable":true,"href":"https:\/\/www.correiodascidades.com.br\/v1\/wp-json\/wp\/v2\/media\/6078"}],"wp:attachment":[{"href":"https:\/\/www.correiodascidades.com.br\/v1\/wp-json\/wp\/v2\/media?parent=6077"}],"wp:term":[{"taxonomy":"category","embeddable":true,"href":"https:\/\/www.correiodascidades.com.br\/v1\/wp-json\/wp\/v2\/categories?post=6077"},{"taxonomy":"post_tag","embeddable":true,"href":"https:\/\/www.correiodascidades.com.br\/v1\/wp-json\/wp\/v2\/tags?post=6077"}],"curies":[{"name":"wp","href":"https:\/\/api.w.org\/{rel}","templated":true}]}}