{"id":6080,"date":"2023-08-10T07:03:22","date_gmt":"2023-08-10T10:03:22","guid":{"rendered":"https:\/\/www.correiodascidades.com.br\/v1\/?p=6080"},"modified":"2023-08-10T07:03:22","modified_gmt":"2023-08-10T10:03:22","slug":"governo-da-bahia-entrega-novas-viaturas-para-a-policia-militar-e-anuncia-convocacao-de-policiais-da-reserva","status":"publish","type":"post","link":"https:\/\/www.correiodascidades.com.br\/v1\/2023\/08\/10\/governo-da-bahia-entrega-novas-viaturas-para-a-policia-militar-e-anuncia-convocacao-de-policiais-da-reserva\/","title":{"rendered":"Governo da Bahia entrega novas viaturas para a Pol\u00edcia Militar e anuncia convoca\u00e7\u00e3o de policiais da reserva"},"content":{"rendered":"<p><img loading=\"lazy\" class=\"\" src=\"https:\/\/www.correiodascidades.com.br\/v1\/wp-content\/uploads\/2023\/08\/Entrega-viaturas_Foto_-Rafael-Martins_GOVBA-3-1024x682-1_1.jpeg\" width=\"645\" height=\"389\" \/><\/p>\n<p>Foram entregues, em solenidade que aconteceu nesta quarta-feira (9), no Farol da Barra, em Salvador, 84 novas viaturas, que refor\u00e7am a frota dos 13 comandos regionais de Rondas Especiais (Rondesp) da Pol\u00edcia Militar da Bahia (PMBA) de todo o estado. A entrega foi realizada pelo governador Jer\u00f4nimo Rodrigues e se junta \u00e0 entrega de seis ve\u00edculos j\u00e1 realizada ao comando Meio Oeste, em Bom Jesus da Lapa, totalizando 14 companhias e 90 viaturas, 60 do modelo GM S10 \u2013 locadas pelo Governo da Bahia \u2013 e 27 modelo GM Trailblazer, semiblindadas, compradas pelo executivo estadual, em um investimento de mais R$ 9 milh\u00f5es, realizados atrav\u00e9s da Secretaria de Seguran\u00e7a P\u00fablica (SSP).<\/p>\n<p>Ao lado do vice-governador, Geraldo J\u00fanior, Jer\u00f4nimo anunciou que outras 17 viaturas ser\u00e3o entregues para a regi\u00e3o extremo sul do estado. \u201cAqui, hoje, n\u00f3s estamos abrindo um novo ciclo de entregas. \u00c9 um compromisso do nosso de programa de governo. Estamos entregando viaturas semiblindadas, as portas laterais, o capuz e vidro dianteiro [s\u00e3o blindados], uma estrat\u00e9gia em fun\u00e7\u00e3o dos \u00faltimos acontecimentos, da quantidade de viaturas atingidas nesses locais\u201d, afirmou o governador, que tamb\u00e9m estava acompanhado do secret\u00e1rio de Seguran\u00e7a P\u00fablica, Marcelo Werner, e do comandante-geral da PMBA, Coronel Paulo Coutinho. Jer\u00f4nimo ainda anunciou que as c\u00e2meras corporais nos uniformes dos policiais j\u00e1 v\u00e3o ser testadas dentro dos pr\u00f3ximos dez dias.<\/p>\n<div class=\"stream-item stream-item-in-post stream-item-inline-post aligncenter\"><\/div>\n","protected":false},"excerpt":{"rendered":"<p>Foram entregues, em solenidade que aconteceu nesta quarta-feira (9), no Farol da Barra, em Salvador, 84 novas viaturas, que refor\u00e7am a frota dos 13 comandos regionais de Rondas Especiais (Rondesp) da Pol\u00edcia Militar da Bahia (PMBA) de todo o estado. A entrega foi realizada pelo governador Jer\u00f4nimo Rodrigues e se junta \u00e0 entrega de seis [&hellip;]<\/p>\n","protected":false},"author":3,"featured_media":6082,"comment_status":"closed","ping_status":"closed","sticky":false,"template":"","format":"standard","meta":{"_links_to":"","_links_to_target":""},"categories":[2],"tags":[],"_links":{"self":[{"href":"https:\/\/www.correiodascidades.com.br\/v1\/wp-json\/wp\/v2\/posts\/6080"}],"collection":[{"href":"https:\/\/www.correiodascidades.com.br\/v1\/wp-json\/wp\/v2\/posts"}],"about":[{"href":"https:\/\/www.correiodascidades.com.br\/v1\/wp-json\/wp\/v2\/types\/post"}],"author":[{"embeddable":true,"href":"https:\/\/www.correiodascidades.com.br\/v1\/wp-json\/wp\/v2\/users\/3"}],"replies":[{"embeddable":true,"href":"https:\/\/www.correiodascidades.com.br\/v1\/wp-json\/wp\/v2\/comments?post=6080"}],"version-history":[{"count":1,"href":"https:\/\/www.correiodascidades.com.br\/v1\/wp-json\/wp\/v2\/posts\/6080\/revisions"}],"predecessor-version":[{"id":6083,"href":"https:\/\/www.correiodascidades.com.br\/v1\/wp-json\/wp\/v2\/posts\/6080\/revisions\/6083"}],"wp:featuredmedia":[{"embeddable":true,"href":"https:\/\/www.correiodascidades.com.br\/v1\/wp-json\/wp\/v2\/media\/6082"}],"wp:attachment":[{"href":"https:\/\/www.correiodascidades.com.br\/v1\/wp-json\/wp\/v2\/media?parent=6080"}],"wp:term":[{"taxonomy":"category","embeddable":true,"href":"https:\/\/www.correiodascidades.com.br\/v1\/wp-json\/wp\/v2\/categories?post=6080"},{"taxonomy":"post_tag","embeddable":true,"href":"https:\/\/www.correiodascidades.com.br\/v1\/wp-json\/wp\/v2\/tags?post=6080"}],"curies":[{"name":"wp","href":"https:\/\/api.w.org\/{rel}","templated":true}]}}