{"id":6092,"date":"2023-08-11T07:53:22","date_gmt":"2023-08-11T10:53:22","guid":{"rendered":"https:\/\/www.correiodascidades.com.br\/v1\/?p=6092"},"modified":"2023-08-11T07:53:22","modified_gmt":"2023-08-11T10:53:22","slug":"dr-andre-cesario-esta-de-saida-da-secretaria-de-saude","status":"publish","type":"post","link":"https:\/\/www.correiodascidades.com.br\/v1\/2023\/08\/11\/dr-andre-cesario-esta-de-saida-da-secretaria-de-saude\/","title":{"rendered":"Dr. Andr\u00e9 Ces\u00e1rio est\u00e1 de sa\u00edda da Secretaria de Sa\u00fade"},"content":{"rendered":"<p><img loading=\"lazy\" class=\"\" src=\"https:\/\/www.correiodascidades.com.br\/v1\/wp-content\/uploads\/2023\/08\/download-1-1.jpg\" width=\"513\" height=\"513\" \/><\/p>\n<p>&nbsp;<\/p>\n<p>O secret\u00e1rio de forma categ\u00f3rica afirmou que est\u00e1 saindo da pasta da Sa\u00fade e seguir\u00e1 na sua rotina normal de servidor concursado do munic\u00edpio.<\/p>\n<p>De acordo com informa\u00e7\u00f5es do gestor da pasta sua sa\u00edda da referida secretaria tem dia, data e hora. Em conversa com a reda\u00e7\u00e3o do Correio, o secret\u00e1rio disse:<\/p>\n<p>\u201cCombinei com o Prefeito que ficaria na pasta por dois anos. Venceu meu prazo m\u00eas passado, provavelmente eu s\u00f3 fique mais um m\u00eas, pois, a rotina de trabalho na secretaria me retira de algumas atividades m\u00e9dicas que sempre fiz\u201d.<\/p>\n<p>Dei minha contribui\u00e7\u00e3o e ficarei s\u00f3 mais um tempinho disse o Secret\u00e1rio Andr\u00e9 Ces\u00e1rio.<\/p>\n<p>A conversa foi atrav\u00e9s da rede social do secret\u00e1rio com esta reda\u00e7\u00e3o.<\/p>\n<p>&nbsp;<\/p>\n","protected":false},"excerpt":{"rendered":"<p>&nbsp; O secret\u00e1rio de forma categ\u00f3rica afirmou que est\u00e1 saindo da pasta da Sa\u00fade e seguir\u00e1 na sua rotina normal de servidor concursado do munic\u00edpio. De acordo com informa\u00e7\u00f5es do gestor da pasta sua sa\u00edda da referida secretaria tem dia, data e hora. Em conversa com a reda\u00e7\u00e3o do Correio, o secret\u00e1rio disse: \u201cCombinei com [&hellip;]<\/p>\n","protected":false},"author":3,"featured_media":6095,"comment_status":"closed","ping_status":"closed","sticky":false,"template":"","format":"standard","meta":{"_links_to":"","_links_to_target":""},"categories":[2],"tags":[],"_links":{"self":[{"href":"https:\/\/www.correiodascidades.com.br\/v1\/wp-json\/wp\/v2\/posts\/6092"}],"collection":[{"href":"https:\/\/www.correiodascidades.com.br\/v1\/wp-json\/wp\/v2\/posts"}],"about":[{"href":"https:\/\/www.correiodascidades.com.br\/v1\/wp-json\/wp\/v2\/types\/post"}],"author":[{"embeddable":true,"href":"https:\/\/www.correiodascidades.com.br\/v1\/wp-json\/wp\/v2\/users\/3"}],"replies":[{"embeddable":true,"href":"https:\/\/www.correiodascidades.com.br\/v1\/wp-json\/wp\/v2\/comments?post=6092"}],"version-history":[{"count":1,"href":"https:\/\/www.correiodascidades.com.br\/v1\/wp-json\/wp\/v2\/posts\/6092\/revisions"}],"predecessor-version":[{"id":6096,"href":"https:\/\/www.correiodascidades.com.br\/v1\/wp-json\/wp\/v2\/posts\/6092\/revisions\/6096"}],"wp:featuredmedia":[{"embeddable":true,"href":"https:\/\/www.correiodascidades.com.br\/v1\/wp-json\/wp\/v2\/media\/6095"}],"wp:attachment":[{"href":"https:\/\/www.correiodascidades.com.br\/v1\/wp-json\/wp\/v2\/media?parent=6092"}],"wp:term":[{"taxonomy":"category","embeddable":true,"href":"https:\/\/www.correiodascidades.com.br\/v1\/wp-json\/wp\/v2\/categories?post=6092"},{"taxonomy":"post_tag","embeddable":true,"href":"https:\/\/www.correiodascidades.com.br\/v1\/wp-json\/wp\/v2\/tags?post=6092"}],"curies":[{"name":"wp","href":"https:\/\/api.w.org\/{rel}","templated":true}]}}