{"id":6106,"date":"2023-08-14T11:57:23","date_gmt":"2023-08-14T14:57:23","guid":{"rendered":"https:\/\/www.correiodascidades.com.br\/v1\/?p=6106"},"modified":"2023-08-14T11:57:23","modified_gmt":"2023-08-14T14:57:23","slug":"stf-deve-retomar-julgamento-sobre-porte-de-drogas-nesta-quinta-feira-17","status":"publish","type":"post","link":"https:\/\/www.correiodascidades.com.br\/v1\/2023\/08\/14\/stf-deve-retomar-julgamento-sobre-porte-de-drogas-nesta-quinta-feira-17\/","title":{"rendered":"STF deve retomar julgamento sobre porte de drogas nesta quinta-feira (17)"},"content":{"rendered":"<header class=\"entry-header-outer\">\n<div class=\"entry-header\">\n<h2><img loading=\"lazy\" class=\"\" src=\"https:\/\/www.correiodascidades.com.br\/v1\/wp-content\/uploads\/2023\/08\/download-3-stff.jpg\" width=\"597\" height=\"346\" \/><\/h2>\n<h2 class=\"entry-sub-title\">Atualmente, a contagem est\u00e1 em 4 a 0 em favor da descriminaliza\u00e7\u00e3o.<\/h2>\n<div id=\"single-post-meta\" class=\"post-meta clearfix\"><\/div>\n<\/div>\n<\/header>\n<div class=\"featured-area\">\n<div class=\"featured-area-inner\">\n<figure class=\"single-featured-image\"><img loading=\"lazy\" class=\"attachment-jannah-image-post size-jannah-image-post wp-post-image entered lazyloaded\" title=\"STF deve retomar julgamento sobre porte de drogas nesta quinta-feira (17) 1\" src=\"https:\/\/i0.wp.com\/midiabahia.com.br\/wp-content\/uploads\/2023\/08\/drogas-maconha.webp?resize=780%2C470&amp;ssl=1\" alt=\"drogas maconha\" width=\"780\" height=\"470\" data-lazy-src=\"https:\/\/i0.wp.com\/midiabahia.com.br\/wp-content\/uploads\/2023\/08\/drogas-maconha.webp?resize=780%2C470&amp;ssl=1\" data-pagespeed-url-hash=\"1652792565\" data-ll-status=\"loaded\" \/><figcaption class=\"single-caption-text\">\u00a0Foto: Reprodu\u00e7\u00e3o<\/figcaption><\/figure>\n<\/div>\n<\/div>\n<div class=\"entry-content entry clearfix\">\n<p>O Supremo Tribunal Federal (<a href=\"https:\/\/midiabahia.com.br\/em-brasilia-jeronimo-trata-de-investimentos-para-a-bahia-e-participa-das-cerimonias-de-posse-de-ministros-do-turismo-e-do-stf\/\" data-type=\"post\" data-id=\"8795053\">STF<\/a>) retomar\u00e1 a discuss\u00e3o sobre a\u00a0<a href=\"https:\/\/midiabahia.com.br\/com-quatro-votos-a-favor-julgamento-sobre-porte-de-drogas-para-consumo-pessoal-e-adiado-para-os-para-os-proximos-dias\/\" data-type=\"post\" data-id=\"8794847\">descriminaliza\u00e7\u00e3o do porte e da posse de drogas para consumo pessoal<\/a>\u00a0na pr\u00f3xima sess\u00e3o que est\u00e1 agendada para conforme programa\u00e7\u00e3o da Corte, para a quinta-feira (17).<\/p>\n<p>Segundo o site Bahia.Ba, a continua\u00e7\u00e3o do julgamento foi autorizada na \u00faltima ter\u00e7a-feira (8), pelo ministro\u00a0<a href=\"https:\/\/midiabahia.com.br\/gilmar-mendes-anula-inquerito-contra-desembargador-que-humilhou-guarda\/\" data-type=\"post\" data-id=\"8781196\">Gilmar Mendes<\/a>. Mendes, relator do caso, solicitou que a sess\u00e3o fosse novamente postergada para revisar os votos j\u00e1 emitidos.<\/p>\n<div class=\"stream-item stream-item-in-post stream-item-inline-post aligncenter\"><ins class=\"adsbygoogle\" data-ad-client=\"ca-pub-3384338128226776\" data-ad-slot=\"8108744050\" data-ad-format=\"auto\" data-full-width-responsive=\"true\" data-adsbygoogle-status=\"done\" data-ad-status=\"filled\"><\/p>\n<div id=\"aswift_2_host\" tabindex=\"0\" title=\"Advertisement\" aria-label=\"Advertisement\">Na sess\u00e3o realizada em 2 de agosto, o ministro <a href=\"https:\/\/midiabahia.com.br\/alexandre-de-moraes-reclama-porque-nao-consegue-falar-com-lula-diz-jornal\/\" data-type=\"post\" data-id=\"8787516\">Alexandre de Moraes<\/a>\u00a0manifestou seu apoio \u00e0 descriminaliza\u00e7\u00e3o do porte pessoal de maconha, propondo tamb\u00e9m a defini\u00e7\u00e3o de uma quantidade m\u00ednima de droga que os usu\u00e1rios possam portar, a fim de distingui-los dos traficantes. Ele sugeriu uma faixa entre 25 e 60 gramas<\/div>\n<p><\/ins><\/div>\n<\/div>\n","protected":false},"excerpt":{"rendered":"<p>Atualmente, a contagem est\u00e1 em 4 a 0 em favor da descriminaliza\u00e7\u00e3o. \u00a0Foto: Reprodu\u00e7\u00e3o O Supremo Tribunal Federal (STF) retomar\u00e1 a discuss\u00e3o sobre a\u00a0descriminaliza\u00e7\u00e3o do porte e da posse de drogas para consumo pessoal\u00a0na pr\u00f3xima sess\u00e3o que est\u00e1 agendada para conforme programa\u00e7\u00e3o da Corte, para a quinta-feira (17). Segundo o site Bahia.Ba, a continua\u00e7\u00e3o do [&hellip;]<\/p>\n","protected":false},"author":3,"featured_media":6107,"comment_status":"closed","ping_status":"closed","sticky":false,"template":"","format":"standard","meta":{"_links_to":"","_links_to_target":""},"categories":[2],"tags":[],"_links":{"self":[{"href":"https:\/\/www.correiodascidades.com.br\/v1\/wp-json\/wp\/v2\/posts\/6106"}],"collection":[{"href":"https:\/\/www.correiodascidades.com.br\/v1\/wp-json\/wp\/v2\/posts"}],"about":[{"href":"https:\/\/www.correiodascidades.com.br\/v1\/wp-json\/wp\/v2\/types\/post"}],"author":[{"embeddable":true,"href":"https:\/\/www.correiodascidades.com.br\/v1\/wp-json\/wp\/v2\/users\/3"}],"replies":[{"embeddable":true,"href":"https:\/\/www.correiodascidades.com.br\/v1\/wp-json\/wp\/v2\/comments?post=6106"}],"version-history":[{"count":1,"href":"https:\/\/www.correiodascidades.com.br\/v1\/wp-json\/wp\/v2\/posts\/6106\/revisions"}],"predecessor-version":[{"id":6108,"href":"https:\/\/www.correiodascidades.com.br\/v1\/wp-json\/wp\/v2\/posts\/6106\/revisions\/6108"}],"wp:featuredmedia":[{"embeddable":true,"href":"https:\/\/www.correiodascidades.com.br\/v1\/wp-json\/wp\/v2\/media\/6107"}],"wp:attachment":[{"href":"https:\/\/www.correiodascidades.com.br\/v1\/wp-json\/wp\/v2\/media?parent=6106"}],"wp:term":[{"taxonomy":"category","embeddable":true,"href":"https:\/\/www.correiodascidades.com.br\/v1\/wp-json\/wp\/v2\/categories?post=6106"},{"taxonomy":"post_tag","embeddable":true,"href":"https:\/\/www.correiodascidades.com.br\/v1\/wp-json\/wp\/v2\/tags?post=6106"}],"curies":[{"name":"wp","href":"https:\/\/api.w.org\/{rel}","templated":true}]}}