{"id":6109,"date":"2023-08-14T12:00:59","date_gmt":"2023-08-14T15:00:59","guid":{"rendered":"https:\/\/www.correiodascidades.com.br\/v1\/?p=6109"},"modified":"2023-08-14T12:00:59","modified_gmt":"2023-08-14T15:00:59","slug":"influenciador-baiano-tem-unhas-arrancadas-e-fica-com-rosto-deformado-apos-espancamento","status":"publish","type":"post","link":"https:\/\/www.correiodascidades.com.br\/v1\/2023\/08\/14\/influenciador-baiano-tem-unhas-arrancadas-e-fica-com-rosto-deformado-apos-espancamento\/","title":{"rendered":"Influenciador baiano tem unhas arrancadas e fica com rosto deformado ap\u00f3s espancamento"},"content":{"rendered":"<header class=\"entry-header-outer\">\n<div class=\"entry-header\">\n<div id=\"single-post-meta\" class=\"post-meta clearfix\"><\/div>\n<\/div>\n<\/header>\n<div class=\"featured-area\">\n<div class=\"featured-area-inner\">\n<figure class=\"single-featured-image\"><img loading=\"lazy\" class=\"attachment-jannah-image-post size-jannah-image-post wp-post-image entered lazyloaded\" title=\"Influenciador baiano tem unhas arrancadas e fica com rosto deformado ap\u00f3s espancamento 1\" src=\"https:\/\/i0.wp.com\/midiabahia.com.br\/wp-content\/uploads\/2023\/08\/rafael_widelg.jpg?resize=586%2C364&amp;ssl=1\" sizes=\"(max-width: 586px) 100vw, 586px\" srcset=\"https:\/\/i0.wp.com\/midiabahia.com.br\/wp-content\/uploads\/2023\/08\/rafael_widelg.jpg?w=586&amp;ssl=1 586w,   https:\/\/i0.wp.com\/midiabahia.com.br\/wp-content\/uploads\/2023\/08\/rafael_widelg.jpg?resize=300%2C186&amp;ssl=1 300w,   https:\/\/i0.wp.com\/midiabahia.com.br\/wp-content\/uploads\/2023\/08\/rafael_widelg.jpg?resize=150%2C93&amp;ssl=1 150w\" alt=\"rafael widelg\" width=\"586\" height=\"364\" data-lazy-srcset=\"https:\/\/i0.wp.com\/midiabahia.com.br\/wp-content\/uploads\/2023\/08\/rafael_widelg.jpg?w=586&amp;ssl=1 586w,   https:\/\/i0.wp.com\/midiabahia.com.br\/wp-content\/uploads\/2023\/08\/rafael_widelg.jpg?resize=300%2C186&amp;ssl=1 300w,   https:\/\/i0.wp.com\/midiabahia.com.br\/wp-content\/uploads\/2023\/08\/rafael_widelg.jpg?resize=150%2C93&amp;ssl=1 150w\" data-lazy-sizes=\"(max-width: 586px) 100vw, 586px\" data-lazy-src=\"https:\/\/i0.wp.com\/midiabahia.com.br\/wp-content\/uploads\/2023\/08\/rafael_widelg.jpg?resize=586%2C364&amp;ssl=1\" data-pagespeed-url-hash=\"1864620257\" data-ll-status=\"loaded\" \/><\/figure>\n<\/div>\n<\/div>\n<div class=\"entry-content entry clearfix\">\n<p>Um influenciador digital baiano foi brutalmente espancado na \u00faltima sexta-feira (11), na cidade de Ruy Barbosa, no interior da Bahia, cerca de 320 quil\u00f4metros de Salvador. Rafael Porto, de 21 anos foi agredido ap\u00f3s reagir a um assalto.<\/p>\n<p>De acordo com a m\u00e3e da v\u00edtima, ele seguia a caminho de casa quando foi abordado por um homem em uma moto. Ao se recusar entregar o celular, Rafael foi agredido com o capacete e ficou com o rosto totalmente deformado.<\/p>\n<div class=\"stream-item stream-item-in-post stream-item-inline-post aligncenter\"><ins class=\"adsbygoogle\" data-ad-client=\"ca-pub-3384338128226776\" data-ad-slot=\"8108744050\" data-ad-format=\"auto\" data-full-width-responsive=\"true\" data-adsbygoogle-status=\"done\" data-ad-status=\"filled\"><\/p>\n<div id=\"aswift_2_host\" tabindex=\"0\" title=\"Advertisement\" aria-label=\"Advertisement\">\u201cPor conta das escoria\u00e7\u00f5es a gente acredita que pegaram ele pelo cabelo e arrastaram, porque o rosto est\u00e1 muito arranhado e tem tem ferimentos pelos joelhos, bra\u00e7os e cotovelos. Ele tamb\u00e9m est\u00e1 com tr\u00eas dentes quebrados. Destru\u00edram o rosto dele\u201d, disse a m\u00e3e do jovem em entrevista ao g1.<\/div>\n<p><\/ins><\/div>\n<\/div>\n","protected":false},"excerpt":{"rendered":"<p>Um influenciador digital baiano foi brutalmente espancado na \u00faltima sexta-feira (11), na cidade de Ruy Barbosa, no interior da Bahia, cerca de 320 quil\u00f4metros de Salvador. Rafael Porto, de 21 anos foi agredido ap\u00f3s reagir a um assalto. De acordo com a m\u00e3e da v\u00edtima, ele seguia a caminho de casa quando foi abordado por [&hellip;]<\/p>\n","protected":false},"author":3,"featured_media":6110,"comment_status":"closed","ping_status":"closed","sticky":false,"template":"","format":"standard","meta":{"_links_to":"","_links_to_target":""},"categories":[2],"tags":[],"_links":{"self":[{"href":"https:\/\/www.correiodascidades.com.br\/v1\/wp-json\/wp\/v2\/posts\/6109"}],"collection":[{"href":"https:\/\/www.correiodascidades.com.br\/v1\/wp-json\/wp\/v2\/posts"}],"about":[{"href":"https:\/\/www.correiodascidades.com.br\/v1\/wp-json\/wp\/v2\/types\/post"}],"author":[{"embeddable":true,"href":"https:\/\/www.correiodascidades.com.br\/v1\/wp-json\/wp\/v2\/users\/3"}],"replies":[{"embeddable":true,"href":"https:\/\/www.correiodascidades.com.br\/v1\/wp-json\/wp\/v2\/comments?post=6109"}],"version-history":[{"count":1,"href":"https:\/\/www.correiodascidades.com.br\/v1\/wp-json\/wp\/v2\/posts\/6109\/revisions"}],"predecessor-version":[{"id":6111,"href":"https:\/\/www.correiodascidades.com.br\/v1\/wp-json\/wp\/v2\/posts\/6109\/revisions\/6111"}],"wp:featuredmedia":[{"embeddable":true,"href":"https:\/\/www.correiodascidades.com.br\/v1\/wp-json\/wp\/v2\/media\/6110"}],"wp:attachment":[{"href":"https:\/\/www.correiodascidades.com.br\/v1\/wp-json\/wp\/v2\/media?parent=6109"}],"wp:term":[{"taxonomy":"category","embeddable":true,"href":"https:\/\/www.correiodascidades.com.br\/v1\/wp-json\/wp\/v2\/categories?post=6109"},{"taxonomy":"post_tag","embeddable":true,"href":"https:\/\/www.correiodascidades.com.br\/v1\/wp-json\/wp\/v2\/tags?post=6109"}],"curies":[{"name":"wp","href":"https:\/\/api.w.org\/{rel}","templated":true}]}}