{"id":6115,"date":"2023-08-14T12:27:11","date_gmt":"2023-08-14T15:27:11","guid":{"rendered":"https:\/\/www.correiodascidades.com.br\/v1\/?p=6115"},"modified":"2023-08-14T12:27:11","modified_gmt":"2023-08-14T15:27:11","slug":"ex-marido-e-procurado-por-matar-a-ex-mulher-policial-feminina-do-deam-que-foi-morta-com-64-facadas","status":"publish","type":"post","link":"https:\/\/www.correiodascidades.com.br\/v1\/2023\/08\/14\/ex-marido-e-procurado-por-matar-a-ex-mulher-policial-feminina-do-deam-que-foi-morta-com-64-facadas\/","title":{"rendered":"Ex-marido \u00e9 procurado por matar a ex-mulher, policial feminina do Deam que foi morta com 64 facadas"},"content":{"rendered":"<header id=\"header-main\" class=\"header-istoe active\">\n<nav class=\"sub-menu-revistas main-istoe\">\n<div class=\"content-sub-menu\">\n<div class=\"menu-sub-menu-principal-container\">\n<div>\n<p><img loading=\"lazy\" class=\"\" src=\"https:\/\/www.correiodascidades.com.br\/v1\/wp-content\/uploads\/2023\/08\/1692022946421270-0.jpg\" width=\"582\" height=\"728\" \/><\/p>\n<p>Valderia da Silva Barbosa Peres, de 46 anos, policial da\u00a0Delegacia Especial de Atendimento \u00e0 Mulher (Deam) 2 em Ceil\u00e2ndia (DF), foi assassinada com 64 facadas desferida pelo ex-marido, Leandro Peres Ferreira, de 46 anos. O crime ocorreu \u00e0s 12h, de 11 de agosto, em Arniqueiras (regi\u00e3o administrativa do DF).<\/p>\n<p>O corpo da v\u00edtima foi encontrado pelo filho, de 23 anos, cerca de meia hora ap\u00f3s o assassinato.<\/p>\n<p>Segundo a Pol\u00edcia Civil do Distrito Federal (PCDF), ao chegar em casa, o filho encontrou a porta do quarto de Valderia trancada. Como ela n\u00e3o respondia, ele deu a volta por fora e entrou no c\u00f4modo pela janela, quando encontrou o corpo da m\u00e3e.<\/p>\n<p>\u00c0 pol\u00edcia, o filho disse ainda que ela e Leandro, seu ex-padrasto, estavam em um processo de separa\u00e7\u00e3o e que o homem havia sa\u00eddo de casa h\u00e1 cerca de um m\u00eas. No entanto, sem aceitar o t\u00e9rmino, procurava a policial no trabalho e em outros lugares pedindo para reatar o relacionamento.<\/p>\n<p>Ele contou ainda que Leandro tinha comportamentos possessivos e \u00e0s vezes gritava, embora nunca tenha observado um epis\u00f3dio de agress\u00e3o f\u00edsica.<\/p>\n<p>A Pol\u00edcia Civil divulgou a imagem de Leandro Peres Ferreira para tentar localiz\u00e1-lo. As den\u00fancias podem ser feitas de forma an\u00f4nima pelo site da PCDF ou pelo Disque-Den\u00fancia 197.<\/p>\n<\/div>\n<\/div>\n<\/div>\n<\/nav>\n<\/header>\n<div class=\"general\" data-gjs-hoverable=\"false\" data-gjs-selectable=\"false\" data-gjs-type=\"default\">\n<div class=\"box-content\" data-gjs-hoverable=\"false\" data-gjs-selectable=\"false\" data-gjs-type=\"default\">Verdinho noticias<\/div>\n<\/div>\n","protected":false},"excerpt":{"rendered":"<p>Valderia da Silva Barbosa Peres, de 46 anos, policial da\u00a0Delegacia Especial de Atendimento \u00e0 Mulher (Deam) 2 em Ceil\u00e2ndia (DF), foi assassinada com 64 facadas desferida pelo ex-marido, Leandro Peres Ferreira, de 46 anos. O crime ocorreu \u00e0s 12h, de 11 de agosto, em Arniqueiras (regi\u00e3o administrativa do DF). O corpo da v\u00edtima foi encontrado [&hellip;]<\/p>\n","protected":false},"author":3,"featured_media":6116,"comment_status":"closed","ping_status":"closed","sticky":false,"template":"","format":"standard","meta":{"_links_to":"","_links_to_target":""},"categories":[2],"tags":[],"_links":{"self":[{"href":"https:\/\/www.correiodascidades.com.br\/v1\/wp-json\/wp\/v2\/posts\/6115"}],"collection":[{"href":"https:\/\/www.correiodascidades.com.br\/v1\/wp-json\/wp\/v2\/posts"}],"about":[{"href":"https:\/\/www.correiodascidades.com.br\/v1\/wp-json\/wp\/v2\/types\/post"}],"author":[{"embeddable":true,"href":"https:\/\/www.correiodascidades.com.br\/v1\/wp-json\/wp\/v2\/users\/3"}],"replies":[{"embeddable":true,"href":"https:\/\/www.correiodascidades.com.br\/v1\/wp-json\/wp\/v2\/comments?post=6115"}],"version-history":[{"count":1,"href":"https:\/\/www.correiodascidades.com.br\/v1\/wp-json\/wp\/v2\/posts\/6115\/revisions"}],"predecessor-version":[{"id":6117,"href":"https:\/\/www.correiodascidades.com.br\/v1\/wp-json\/wp\/v2\/posts\/6115\/revisions\/6117"}],"wp:featuredmedia":[{"embeddable":true,"href":"https:\/\/www.correiodascidades.com.br\/v1\/wp-json\/wp\/v2\/media\/6116"}],"wp:attachment":[{"href":"https:\/\/www.correiodascidades.com.br\/v1\/wp-json\/wp\/v2\/media?parent=6115"}],"wp:term":[{"taxonomy":"category","embeddable":true,"href":"https:\/\/www.correiodascidades.com.br\/v1\/wp-json\/wp\/v2\/categories?post=6115"},{"taxonomy":"post_tag","embeddable":true,"href":"https:\/\/www.correiodascidades.com.br\/v1\/wp-json\/wp\/v2\/tags?post=6115"}],"curies":[{"name":"wp","href":"https:\/\/api.w.org\/{rel}","templated":true}]}}