{"id":6118,"date":"2023-08-14T12:43:07","date_gmt":"2023-08-14T15:43:07","guid":{"rendered":"https:\/\/www.correiodascidades.com.br\/v1\/?p=6118"},"modified":"2023-08-14T12:47:35","modified_gmt":"2023-08-14T15:47:35","slug":"mulher-sofre-acidente-de-moto-no-trecho-duplicado-da-zona-sul-de-ilheus","status":"publish","type":"post","link":"https:\/\/www.correiodascidades.com.br\/v1\/2023\/08\/14\/mulher-sofre-acidente-de-moto-no-trecho-duplicado-da-zona-sul-de-ilheus\/","title":{"rendered":"August\u00e3o realiza projeto de requalifica\u00e7\u00e3o e reurbaniza\u00e7\u00e3o de rua no Malhado"},"content":{"rendered":"<article id=\"post-88898\" class=\"post-88898 post type-post status-publish format-standard has-post-thumbnail hentry category-acidentessss category-ilheus category-policia tag-destaque tag-mais-noticias\">\n<div class=\"container-post\">\n<div class=\"entry-content\">\n<header class=\"entry-header\">\n<div class=\"entry-meta\"><\/div>\n<\/header>\n<div class=\"entry-content\">\n<figure id=\"attachment_88892\" class=\"wp-caption aligncenter\" style=\"width: 482px;\" aria-describedby=\"caption-attachment-88892\"><img loading=\"lazy\" class=\" wp-image-88892\" src=\"https:\/\/fabiorobertonoticias.com.br\/wp-content\/uploads\/2023\/08\/IMG-20230812-WA0016.jpg\" sizes=\"(max-width: 750px) 100vw, 750px\" srcset=\"https:\/\/fabiorobertonoticias.com.br\/wp-content\/uploads\/2023\/08\/IMG-20230812-WA0016.jpg 750w, https:\/\/fabiorobertonoticias.com.br\/wp-content\/uploads\/2023\/08\/IMG-20230812-WA0016-225x300.jpg 225w\" alt=\"\" width=\"482\" height=\"643\" \/><figcaption id=\"caption-attachment-88892\" class=\"wp-caption-text\">August\u00e3o nas comunidades.<\/figcaption><\/figure>\n<p>A Alameda Aureliano Halla \u2013 Mestre Zoi\u00e3o, no bairro do Malhado, est\u00e1 ficando de cara nova e muito mais bonita com o Projeto de Requalifica\u00e7\u00e3o e Urbaniza\u00e7\u00e3o da rua, realizado pelo vereador August\u00e3o, em parceria com a comunidade do local. A inaugura\u00e7\u00e3o ser\u00e1 na pr\u00f3xima ter\u00e7a-feira, dia 15, a partir das 14 horas, com a realiza\u00e7\u00e3o de feira cultural e gastron\u00f4mica, apresenta\u00e7\u00f5es art\u00edsticas e folcl\u00f3ricas.<\/p>\n<p>O projeto consiste na recupera\u00e7\u00e3o e pintura das fachadas das casas, coloca\u00e7\u00e3o de vasos e canteiros com plantas, melhoria do servi\u00e7o de ilumina\u00e7\u00e3o, recupera\u00e7\u00e3o dos meios fios, al\u00e9m da conscientiza\u00e7\u00e3o da comunidade para que garanta a preserva\u00e7\u00e3o do espa\u00e7o. De acordo com o vereador August\u00e3o, a proposta \u00e9 que esse seja um projeto modelo para que seja aplicado nas mais diversas ruas de Ilh\u00e9us, deixando a cidade mais bonita e bem cuidada.<\/p>\n<p>August\u00e3o explicou que foi procurado pela comunidade do Malhado para implantar o projeto e logo abra\u00e7ou a causa, considerando a import\u00e2ncia da uni\u00e3o com os moradores para a melhoria e preserva\u00e7\u00e3o das ruas de Ilh\u00e9us. \u201cFoi muito interessante ver essa iniciativa da comunidade E como o nosso projeto \u00e9 deixar a cidade muito melhor, abra\u00e7amos essa causa e agora estaremos entregando a Alameda Mestre Zoi\u00e3o muito mais bonita, alegre e muito melhor. Nosso desafio ser\u00e1 levar esse projeto para outras ruas de Ilh\u00e9us, beneficiando mais moradores\u201d, complementou o vereador.<\/p>\n<div id=\"new-royalslider-1\" class=\"royalSlider new-royalslider-1 rsUni rs-image-gallery rsHor rsWithThumbs rsWithThumbsHor\">\n<div class=\"rsOverflow grab-cursor\">\n<div class=\"rsContainer\">\n<div class=\"rsSlide \">\n<div class=\"rsContent\"><img loading=\"lazy\" class=\"rsImg rsMainSlideImage\" src=\"https:\/\/fabiorobertonoticias.com.br\/wp-content\/uploads\/2023\/08\/IMG-20230812-WA0018.jpg\" width=\"571\" height=\"428\" \/><\/div>\n<\/div>\n<div class=\"rsSlide \">\n<div class=\"rsContent\"><img loading=\"lazy\" class=\"rsImg rsMainSlideImage\" src=\"https:\/\/fabiorobertonoticias.com.br\/wp-content\/uploads\/2023\/08\/IMG-20230812-WA0020.jpg\" width=\"559\" height=\"419\" \/><\/div>\n<\/div>\n<div class=\"rsSlide \">\n<div class=\"rsContent\"><\/div>\n<\/div>\n<div class=\"rsSlide \">\n<div class=\"rsContent\"><\/div>\n<\/div>\n<\/div>\n<div class=\"rsFullscreenBtn\">\n<div class=\"rsFullscreenIcn\"><\/div>\n<\/div>\n<div class=\"rsArrow rsArrowLeft rsArrowDisabled\">\n<div class=\"rsArrowIcn\"><\/div>\n<\/div>\n<div class=\"rsArrow rsArrowRight\"><\/div>\n<\/div>\n<\/div>\n<\/div>\n<\/div>\n<footer class=\"entry-footer\">\n<div class=\"breadcrumb\">\n<div id=\"st-5\" class=\"sharethis-inline-share-buttons st-justified st-lang-pt st-has-labels st-inline-share-buttons st-animated\" data-title=\"Mulher sofre acidente de moto no trecho duplicado da zona sul de Ilh\u00e9us\" data-url=\"https:\/\/fabiorobertonoticias.com.br\/2023\/08\/12\/mulher-sofre-acidente-de-moto-no-trecho-duplicado-da-zona-sul-de-ilheus\/\">\n<div class=\"st-btn st-first\" data-network=\"facebook\"><\/div>\n<div class=\"st-btn st-hide-label\" data-network=\"twitter\"><img src=\"https:\/\/platform-cdn.sharethis.com\/img\/twitter.svg\" alt=\"twitter sharing button\" \/><\/div>\n<div class=\"st-btn st-hide-label\" data-network=\"messenger\"><img src=\"https:\/\/platform-cdn.sharethis.com\/img\/messenger.svg\" alt=\"messenger sharing button\" \/><\/div>\n<div class=\"st-btn st-last st-hide-label\" data-network=\"whatsapp\"><img src=\"https:\/\/platform-cdn.sharethis.com\/img\/whatsapp.svg\" alt=\"whatsapp sharing button\" \/><\/div>\n<\/div>\n<\/div>\n<\/footer>\n<\/div>\n<\/article>\n<article id=\"post-88890\" class=\"post-88890 post type-post status-publish format-standard has-post-thumbnail hentry category-ilheus category-noticias category-politica tag-destaque tag-mais-noticias\">\n<div class=\"container-post\"><\/div>\n<\/article>\n","protected":false},"excerpt":{"rendered":"<p>August\u00e3o nas comunidades. A Alameda Aureliano Halla \u2013 Mestre Zoi\u00e3o, no bairro do Malhado, est\u00e1 ficando de cara nova e muito mais bonita com o Projeto de Requalifica\u00e7\u00e3o e Urbaniza\u00e7\u00e3o da rua, realizado pelo vereador August\u00e3o, em parceria com a comunidade do local. A inaugura\u00e7\u00e3o ser\u00e1 na pr\u00f3xima ter\u00e7a-feira, dia 15, a partir das 14 [&hellip;]<\/p>\n","protected":false},"author":3,"featured_media":6119,"comment_status":"closed","ping_status":"closed","sticky":false,"template":"","format":"standard","meta":{"_links_to":"","_links_to_target":""},"categories":[2,3],"tags":[],"_links":{"self":[{"href":"https:\/\/www.correiodascidades.com.br\/v1\/wp-json\/wp\/v2\/posts\/6118"}],"collection":[{"href":"https:\/\/www.correiodascidades.com.br\/v1\/wp-json\/wp\/v2\/posts"}],"about":[{"href":"https:\/\/www.correiodascidades.com.br\/v1\/wp-json\/wp\/v2\/types\/post"}],"author":[{"embeddable":true,"href":"https:\/\/www.correiodascidades.com.br\/v1\/wp-json\/wp\/v2\/users\/3"}],"replies":[{"embeddable":true,"href":"https:\/\/www.correiodascidades.com.br\/v1\/wp-json\/wp\/v2\/comments?post=6118"}],"version-history":[{"count":3,"href":"https:\/\/www.correiodascidades.com.br\/v1\/wp-json\/wp\/v2\/posts\/6118\/revisions"}],"predecessor-version":[{"id":6122,"href":"https:\/\/www.correiodascidades.com.br\/v1\/wp-json\/wp\/v2\/posts\/6118\/revisions\/6122"}],"wp:featuredmedia":[{"embeddable":true,"href":"https:\/\/www.correiodascidades.com.br\/v1\/wp-json\/wp\/v2\/media\/6119"}],"wp:attachment":[{"href":"https:\/\/www.correiodascidades.com.br\/v1\/wp-json\/wp\/v2\/media?parent=6118"}],"wp:term":[{"taxonomy":"category","embeddable":true,"href":"https:\/\/www.correiodascidades.com.br\/v1\/wp-json\/wp\/v2\/categories?post=6118"},{"taxonomy":"post_tag","embeddable":true,"href":"https:\/\/www.correiodascidades.com.br\/v1\/wp-json\/wp\/v2\/tags?post=6118"}],"curies":[{"name":"wp","href":"https:\/\/api.w.org\/{rel}","templated":true}]}}