{"id":6129,"date":"2023-08-14T19:20:25","date_gmt":"2023-08-14T22:20:25","guid":{"rendered":"https:\/\/www.correiodascidades.com.br\/v1\/?p=6129"},"modified":"2023-08-14T19:20:25","modified_gmt":"2023-08-14T22:20:25","slug":"ciganos-sao-baleados-no-centro-de-feira-de-santana","status":"publish","type":"post","link":"https:\/\/www.correiodascidades.com.br\/v1\/2023\/08\/14\/ciganos-sao-baleados-no-centro-de-feira-de-santana\/","title":{"rendered":"Ciganos s\u00e3o baleados no Centro de Feira de Santana"},"content":{"rendered":"<header class=\"entry-header-outer\">\n<div class=\"entry-header\">\n<div id=\"single-post-meta\" class=\"post-meta clearfix\"><\/div>\n<\/div>\n<\/header>\n<div class=\"featured-area\">\n<div class=\"featured-area-inner\">\n<figure class=\"single-featured-image\"><img loading=\"lazy\" class=\"attachment-jannah-image-post size-jannah-image-post wp-post-image entered lazyloaded\" title=\"Ciganos s\u00e3o baleados no Centro de Feira de Santana 1\" src=\"https:\/\/i0.wp.com\/midiabahia.com.br\/wp-content\/uploads\/2023\/08\/8fa3b849d90b9a5f454fc05e85ec58d1.jpeg?resize=562%2C376&amp;ssl=1\" sizes=\"(max-width: 562px) 100vw, 562px\" srcset=\"https:\/\/i0.wp.com\/midiabahia.com.br\/wp-content\/uploads\/2023\/08\/8fa3b849d90b9a5f454fc05e85ec58d1.jpeg?w=562&amp;ssl=1 562w,   https:\/\/i0.wp.com\/midiabahia.com.br\/wp-content\/uploads\/2023\/08\/8fa3b849d90b9a5f454fc05e85ec58d1.jpeg?resize=300%2C201&amp;ssl=1 300w,   https:\/\/i0.wp.com\/midiabahia.com.br\/wp-content\/uploads\/2023\/08\/8fa3b849d90b9a5f454fc05e85ec58d1.jpeg?resize=150%2C100&amp;ssl=1 150w\" alt=\"8fa3b849d90b9a5f454fc05e85ec58d1\" width=\"562\" height=\"376\" data-lazy-srcset=\"https:\/\/i0.wp.com\/midiabahia.com.br\/wp-content\/uploads\/2023\/08\/8fa3b849d90b9a5f454fc05e85ec58d1.jpeg?w=562&amp;ssl=1 562w,   https:\/\/i0.wp.com\/midiabahia.com.br\/wp-content\/uploads\/2023\/08\/8fa3b849d90b9a5f454fc05e85ec58d1.jpeg?resize=300%2C201&amp;ssl=1 300w,   https:\/\/i0.wp.com\/midiabahia.com.br\/wp-content\/uploads\/2023\/08\/8fa3b849d90b9a5f454fc05e85ec58d1.jpeg?resize=150%2C100&amp;ssl=1 150w\" data-lazy-sizes=\"(max-width: 562px) 100vw, 562px\" data-lazy-src=\"https:\/\/i0.wp.com\/midiabahia.com.br\/wp-content\/uploads\/2023\/08\/8fa3b849d90b9a5f454fc05e85ec58d1.jpeg?resize=562%2C376&amp;ssl=1\" data-pagespeed-url-hash=\"603285268\" data-ll-status=\"loaded\" \/><\/figure>\n<\/div>\n<\/div>\n<div class=\"entry-content entry clearfix\">\n<p>Pelo menos cinco pessoas foram baleadas em Feira de Santana, nesta segunda-feira (14), ele s\u00e3o ciganos. Informa\u00e7\u00f5es ainda n\u00e3o confirmadas pela pol\u00edcia, indicam que pelo menos tr\u00eas morreram. Os crimes ocorreram dentro de um restaurante na m\u00e3o inglesa da rua\u00a0<a href=\"https:\/\/midiabahia.com.br\/jaguaquara-justica-proibe-comicio-carreata-passeata-e-aglomeracao-durante-campanha\/\" data-type=\"post\" data-id=\"8714995\">J.J. Seabra<\/a>, no Centro da cidade.<\/p>\n<p>As v\u00edtimas foram socorridas pelo Servi\u00e7o de Atendimento M\u00f3vel de Urg\u00eancia \u2013 SAMU, sendo encaminhadas ao Hospital Cl\u00e9riston Andrade, o estado de sa\u00fade delas \u00e9 desconhecido.<\/p>\n<div class=\"stream-item stream-item-in-post stream-item-inline-post aligncenter\"><ins class=\"adsbygoogle\" data-ad-client=\"ca-pub-3384338128226776\" data-ad-slot=\"8108744050\" data-ad-format=\"auto\" data-full-width-responsive=\"true\" data-adsbygoogle-status=\"done\" data-ad-status=\"filled\"><\/p>\n<div id=\"aswift_2_host\" tabindex=\"0\" title=\"Advertisement\" aria-label=\"Advertisement\"><iframe loading=\"lazy\" id=\"aswift_2\" src=\"https:\/\/googleads.g.doubleclick.net\/pagead\/ads?client=ca-pub-3384338128226776&amp;output=html&amp;h=280&amp;slotname=8108744050&amp;adk=776323659&amp;adf=3479464871&amp;pi=t.ma~as.8108744050&amp;w=780&amp;fwrn=4&amp;fwrnh=100&amp;lmt=1692051222&amp;rafmt=1&amp;format=780x280&amp;url=https%3A%2F%2Fmidiabahia.com.br%2Fciganos-sao-baleados-no-centro-de-feira-de-santana%2F&amp;fwr=0&amp;fwrattr=true&amp;rpe=1&amp;resp_fmts=3&amp;wgl=1&amp;uach=WyJXaW5kb3dzIiwiMTAuMC4wIiwieDg2IiwiIiwiMTE1LjAuNTc5MC4xNzEiLFtdLDAsbnVsbCwiNjQiLFtbIk5vdC9BKUJyYW5kIiwiOTkuMC4wLjAiXSxbIkdvb2dsZSBDaHJvbWUiLCIxMTUuMC41NzkwLjE3MSJdLFsiQ2hyb21pdW0iLCIxMTUuMC41NzkwLjE3MSJdXSwxXQ..&amp;dt=1692051221958&amp;bpp=1&amp;bdt=2576&amp;idt=631&amp;shv=r20230810&amp;mjsv=m202308090102&amp;ptt=9&amp;saldr=aa&amp;abxe=1&amp;cookie=ID%3Dca2f9cdf5afa898a-225b9cb4b9df00ed%3AT%3D1685072407%3ART%3D1692051102%3AS%3DALNI_Ma5W-vZ3dxhTSWScGeUYzQ8hym04g&amp;gpic=UID%3D0000099097f36911%3AT%3D1685072407%3ART%3D1692051102%3AS%3DALNI_MZCX373Nk18As9svoqASh4Gr5FrFA&amp;prev_fmts=1200x280&amp;correlator=4409940351103&amp;frm=20&amp;pv=1&amp;ga_vid=838833858.1685072407&amp;ga_sid=1692051222&amp;ga_hid=936066297&amp;ga_fc=1&amp;u_tz=-180&amp;u_his=4&amp;u_h=692&amp;u_w=1231&amp;u_ah=622&amp;u_aw=1231&amp;u_cd=24&amp;u_sd=0.888&amp;dmc=4&amp;adx=175&amp;ady=1563&amp;biw=1519&amp;bih=641&amp;scr_x=0&amp;scr_y=0&amp;eid=44759926%2C44759837%2C44759875%2C31076836%2C44785294%2C44798934%2C44796632%2C44799569%2C31067146%2C31067147%2C31067148%2C31068556&amp;oid=2&amp;pvsid=818989979066206&amp;tmod=1269034628&amp;uas=0&amp;nvt=1&amp;topics=3&amp;tps=3&amp;ref=https%3A%2F%2Fmidiabahia.com.br%2F&amp;fc=1920&amp;brdim=0%2C43%2C0%2C43%2C1231%2C43%2C1231%2C622%2C1539%2C641&amp;vis=1&amp;rsz=%7C%7Coebr%7C&amp;abl=CS&amp;pfx=0&amp;fu=128&amp;bc=31&amp;td=1&amp;nt=1&amp;ifi=3&amp;uci=a!3&amp;btvi=1&amp;fsb=1&amp;xpc=Nr1AEnCopQ&amp;p=https%3A\/\/midiabahia.com.br&amp;dtd=648\" name=\"aswift_2\" width=\"780\" height=\"280\" frameborder=\"0\" marginwidth=\"0\" marginheight=\"0\" scrolling=\"no\" sandbox=\"allow-forms allow-popups allow-popups-to-escape-sandbox allow-same-origin allow-scripts allow-top-navigation-by-user-activation\" data-google-container-id=\"a!3\" data-gtm-yt-inspected-12=\"true\" data-google-query-id=\"CJuo7IKW3YADFdTyTAIdwiMOmA\" data-load-complete=\"true\" data-mce-fragment=\"1\"><\/iframe><\/div>\n<p><\/ins><\/div>\n<p>Segundo o Feira 24horas, um carro parou em frente ao estabelecimento, enquanto homens armados desceram e dispararam.<\/p>\n<\/div>\n","protected":false},"excerpt":{"rendered":"<p>Pelo menos cinco pessoas foram baleadas em Feira de Santana, nesta segunda-feira (14), ele s\u00e3o ciganos. Informa\u00e7\u00f5es ainda n\u00e3o confirmadas pela pol\u00edcia, indicam que pelo menos tr\u00eas morreram. Os crimes ocorreram dentro de um restaurante na m\u00e3o inglesa da rua\u00a0J.J. Seabra, no Centro da cidade. As v\u00edtimas foram socorridas pelo Servi\u00e7o de Atendimento M\u00f3vel de [&hellip;]<\/p>\n","protected":false},"author":3,"featured_media":6130,"comment_status":"closed","ping_status":"closed","sticky":false,"template":"","format":"standard","meta":{"_links_to":"","_links_to_target":""},"categories":[11],"tags":[],"_links":{"self":[{"href":"https:\/\/www.correiodascidades.com.br\/v1\/wp-json\/wp\/v2\/posts\/6129"}],"collection":[{"href":"https:\/\/www.correiodascidades.com.br\/v1\/wp-json\/wp\/v2\/posts"}],"about":[{"href":"https:\/\/www.correiodascidades.com.br\/v1\/wp-json\/wp\/v2\/types\/post"}],"author":[{"embeddable":true,"href":"https:\/\/www.correiodascidades.com.br\/v1\/wp-json\/wp\/v2\/users\/3"}],"replies":[{"embeddable":true,"href":"https:\/\/www.correiodascidades.com.br\/v1\/wp-json\/wp\/v2\/comments?post=6129"}],"version-history":[{"count":1,"href":"https:\/\/www.correiodascidades.com.br\/v1\/wp-json\/wp\/v2\/posts\/6129\/revisions"}],"predecessor-version":[{"id":6131,"href":"https:\/\/www.correiodascidades.com.br\/v1\/wp-json\/wp\/v2\/posts\/6129\/revisions\/6131"}],"wp:featuredmedia":[{"embeddable":true,"href":"https:\/\/www.correiodascidades.com.br\/v1\/wp-json\/wp\/v2\/media\/6130"}],"wp:attachment":[{"href":"https:\/\/www.correiodascidades.com.br\/v1\/wp-json\/wp\/v2\/media?parent=6129"}],"wp:term":[{"taxonomy":"category","embeddable":true,"href":"https:\/\/www.correiodascidades.com.br\/v1\/wp-json\/wp\/v2\/categories?post=6129"},{"taxonomy":"post_tag","embeddable":true,"href":"https:\/\/www.correiodascidades.com.br\/v1\/wp-json\/wp\/v2\/tags?post=6129"}],"curies":[{"name":"wp","href":"https:\/\/api.w.org\/{rel}","templated":true}]}}