{"id":6132,"date":"2023-08-14T19:24:51","date_gmt":"2023-08-14T22:24:51","guid":{"rendered":"https:\/\/www.correiodascidades.com.br\/v1\/?p=6132"},"modified":"2023-08-14T19:24:51","modified_gmt":"2023-08-14T22:24:51","slug":"faculdade-de-ilheus-estudante-de-odontologia-apresentou-trabalho-em-congresso-de-patologia-oral","status":"publish","type":"post","link":"https:\/\/www.correiodascidades.com.br\/v1\/2023\/08\/14\/faculdade-de-ilheus-estudante-de-odontologia-apresentou-trabalho-em-congresso-de-patologia-oral\/","title":{"rendered":"Faculdade de Ilh\u00e9us: estudante de Odontologia apresentou trabalho em Congresso de Patologia Oral"},"content":{"rendered":"<p><img loading=\"lazy\" class=\"\" src=\"https:\/\/www.correiodascidades.com.br\/v1\/wp-content\/uploads\/2023\/08\/O-estudante-Christian-Simoes-e-a-professora-Rebeca-Dantas-especialista-em-Estomatologia-mestra-e-doutora-pela-Universidade-Federal-da-Bahia.jpg\" width=\"543\" height=\"724\" \/><\/p>\n<p style=\"font-weight: 400;\">O estudante do curso de Odontologia da Faculdade de Ilh\u00e9us, Christian Sim\u00f5es, participou do 48\u00ba Congresso Brasileiro de Estomatologia e Patologia Oral, realizado entre os dias 24 e 28 de julho, na cidade de Curitiba, no Paran\u00e1. O evento reuniu especialistas de renome em estomatologia e patologia bucal do Brasil e de diversas na\u00e7\u00f5es latino-americanas.<\/p>\n<p style=\"font-weight: 400;\">Na oportunidade, Christian apresentou sua pesquisa intitulada \u201cFatores de Risco e Caracter\u00edsticas Cl\u00ednico-patol\u00f3gicas da Quelite Act\u00ednica em Salva-vidas da cidade de Ilh\u00e9us\u201d, cujo estudo \u00e9 tema de seu trabalho de conclus\u00e3o de curso, sob a orienta\u00e7\u00e3o da professora doutora Rebeca Dantas. Vale ressaltar que a professora orientadora tamb\u00e9m acompanhou o aluno nas atividades do 48\u00ba Congresso Brasileiro de Estomatologia e Patologia Oral.<\/p>\n<p style=\"font-weight: 400;\">A professora Rebeca Dantas elogiou a participa\u00e7\u00e3o ativa de Christian Sim\u00f5es durante o congresso e o seu dedicado interesse pela pesquisa. Ela destaca que a coleta de dados para o desenvolvimento da pesquisa de elaborada por Christian ocorreu no campus da Faculdade de Ilh\u00e9us.<\/p>\n<p style=\"font-weight: 400;\">A coordenadora do curso de Odontologia, professora Vanessa Barreiros, salienta que al\u00e9m da realiza\u00e7\u00e3o da V JOFI \u2013 Jornada de Odontologia da Faculdade de Ilh\u00e9us, os estudantes s\u00e3o estimulados \u00e0 participa\u00e7\u00e3o de eventos de car\u00e1ter cient\u00edfico. Recentemente, nosso curso teve tamb\u00e9m representa\u00e7\u00e3o discente e docente em outro evento importante da Odontologia Nacional, como o SBPqO, o maior Congresso de Pesquisa Odontol\u00f3gica no Pa\u00eds.<\/p>\n","protected":false},"excerpt":{"rendered":"<p>O estudante do curso de Odontologia da Faculdade de Ilh\u00e9us, Christian Sim\u00f5es, participou do 48\u00ba Congresso Brasileiro de Estomatologia e Patologia Oral, realizado entre os dias 24 e 28 de julho, na cidade de Curitiba, no Paran\u00e1. O evento reuniu especialistas de renome em estomatologia e patologia bucal do Brasil e de diversas na\u00e7\u00f5es latino-americanas. [&hellip;]<\/p>\n","protected":false},"author":3,"featured_media":6133,"comment_status":"closed","ping_status":"closed","sticky":false,"template":"","format":"standard","meta":{"_links_to":"","_links_to_target":""},"categories":[11],"tags":[],"_links":{"self":[{"href":"https:\/\/www.correiodascidades.com.br\/v1\/wp-json\/wp\/v2\/posts\/6132"}],"collection":[{"href":"https:\/\/www.correiodascidades.com.br\/v1\/wp-json\/wp\/v2\/posts"}],"about":[{"href":"https:\/\/www.correiodascidades.com.br\/v1\/wp-json\/wp\/v2\/types\/post"}],"author":[{"embeddable":true,"href":"https:\/\/www.correiodascidades.com.br\/v1\/wp-json\/wp\/v2\/users\/3"}],"replies":[{"embeddable":true,"href":"https:\/\/www.correiodascidades.com.br\/v1\/wp-json\/wp\/v2\/comments?post=6132"}],"version-history":[{"count":1,"href":"https:\/\/www.correiodascidades.com.br\/v1\/wp-json\/wp\/v2\/posts\/6132\/revisions"}],"predecessor-version":[{"id":6134,"href":"https:\/\/www.correiodascidades.com.br\/v1\/wp-json\/wp\/v2\/posts\/6132\/revisions\/6134"}],"wp:featuredmedia":[{"embeddable":true,"href":"https:\/\/www.correiodascidades.com.br\/v1\/wp-json\/wp\/v2\/media\/6133"}],"wp:attachment":[{"href":"https:\/\/www.correiodascidades.com.br\/v1\/wp-json\/wp\/v2\/media?parent=6132"}],"wp:term":[{"taxonomy":"category","embeddable":true,"href":"https:\/\/www.correiodascidades.com.br\/v1\/wp-json\/wp\/v2\/categories?post=6132"},{"taxonomy":"post_tag","embeddable":true,"href":"https:\/\/www.correiodascidades.com.br\/v1\/wp-json\/wp\/v2\/tags?post=6132"}],"curies":[{"name":"wp","href":"https:\/\/api.w.org\/{rel}","templated":true}]}}