{"id":6150,"date":"2023-08-15T23:09:13","date_gmt":"2023-08-16T02:09:13","guid":{"rendered":"https:\/\/www.correiodascidades.com.br\/v1\/?p=6150"},"modified":"2023-08-15T23:14:06","modified_gmt":"2023-08-16T02:14:06","slug":"brasilia-ministra-da-saude-recebe-liderancas-indigenas-pataxo-do-extremo-sul-da-bahia","status":"publish","type":"post","link":"https:\/\/www.correiodascidades.com.br\/v1\/2023\/08\/15\/brasilia-ministra-da-saude-recebe-liderancas-indigenas-pataxo-do-extremo-sul-da-bahia\/","title":{"rendered":"Bras\u00edlia: Ministra da Sa\u00fade recebe lideran\u00e7as ind\u00edgenas Patax\u00f3 do Extremo Sul  da Bahia"},"content":{"rendered":"<div id=\"attachment_6154\" style=\"width: 597px\" class=\"wp-caption alignnone\"><img aria-describedby=\"caption-attachment-6154\" loading=\"lazy\" class=\"wp-image-6154 size-full\" src=\"https:\/\/www.correiodascidades.com.br\/v1\/wp-content\/uploads\/2023\/08\/MINISTRA-E-ZECA-02.jpg\" alt=\"\" width=\"587\" height=\"378\" srcset=\"https:\/\/www.correiodascidades.com.br\/v1\/wp-content\/uploads\/2023\/08\/MINISTRA-E-ZECA-02.jpg 587w, https:\/\/www.correiodascidades.com.br\/v1\/wp-content\/uploads\/2023\/08\/MINISTRA-E-ZECA-02-300x193.jpg 300w\" sizes=\"(max-width: 587px) 100vw, 587px\" \/><p id=\"caption-attachment-6154\" class=\"wp-caption-text\">Fotos: Ascom<\/p><\/div>\n<p>Nesta ter\u00e7a-feira (15), o cacique Zeca patax\u00f3 do extremo sul da Bahia, acompanhado por lideran\u00e7as ind\u00edgenas patax\u00f3, e representantes das organiza\u00e7\u00f5es ind\u00edgenas do extremo sul da Bahia, reuniram-se com a Ministra da Sa\u00fade N\u00edsia Trindade, com o objetivo de encaminhar uma pauta de solicita\u00e7\u00f5es e reivindica\u00e7\u00f5es referente a sa\u00fade ind\u00edgena do estado da Bahia, e em especial para a regi\u00e3o do sul e extremo sul do estado baiano, onde manifestaram a preocupa\u00e7\u00e3o em rela\u00e7\u00e3o a situa\u00e7\u00e3o, em que se encontram as unidades b\u00e1sicas de sa\u00fade nas aldeias, e nos polos base da Sesai do estado, bem como, a falta de equipamentos, insumos b\u00e1sicos, transportes e recursos humanos.<!--more--><\/p>\n<p><img loading=\"lazy\" class=\"alignnone size-full wp-image-6155\" src=\"https:\/\/www.correiodascidades.com.br\/v1\/wp-content\/uploads\/2023\/08\/MINISTRA-E-ZECA-04000000.jpg\" alt=\"\" width=\"600\" height=\"350\" srcset=\"https:\/\/www.correiodascidades.com.br\/v1\/wp-content\/uploads\/2023\/08\/MINISTRA-E-ZECA-04000000.jpg 600w, https:\/\/www.correiodascidades.com.br\/v1\/wp-content\/uploads\/2023\/08\/MINISTRA-E-ZECA-04000000-300x175.jpg 300w\" sizes=\"(max-width: 600px) 100vw, 600px\" \/><\/p>\n<p>A ministra recebeu a pauta demanda, e em resposta aos pedidos, se comprometeu em viabilizar as reivindica\u00e7\u00f5es em parceria com a administra\u00e7\u00e3o da sa\u00fade naquele estado, com a assertiva tomada de decis\u00f5es e encaminhamentos a Sesai, para as devidas provid\u00eancias quanto ao que foi apresentado. Participaram da reuni\u00e3o, al\u00e9m das lideran\u00e7as ind\u00edgenas, assessores e t\u00e9cnicos do minist\u00e9rio.<\/p>\n","protected":false},"excerpt":{"rendered":"<p>Nesta ter\u00e7a-feira (15), o cacique Zeca patax\u00f3 do extremo sul da Bahia, acompanhado por lideran\u00e7as ind\u00edgenas patax\u00f3, e representantes das organiza\u00e7\u00f5es ind\u00edgenas do extremo sul da Bahia, reuniram-se com a Ministra da Sa\u00fade N\u00edsia Trindade, com o objetivo de encaminhar uma pauta de solicita\u00e7\u00f5es e reivindica\u00e7\u00f5es referente a sa\u00fade ind\u00edgena do estado da Bahia, e [&hellip;]<\/p>\n","protected":false},"author":3,"featured_media":6154,"comment_status":"closed","ping_status":"closed","sticky":false,"template":"","format":"standard","meta":{"_links_to":"","_links_to_target":""},"categories":[11,9,1],"tags":[],"_links":{"self":[{"href":"https:\/\/www.correiodascidades.com.br\/v1\/wp-json\/wp\/v2\/posts\/6150"}],"collection":[{"href":"https:\/\/www.correiodascidades.com.br\/v1\/wp-json\/wp\/v2\/posts"}],"about":[{"href":"https:\/\/www.correiodascidades.com.br\/v1\/wp-json\/wp\/v2\/types\/post"}],"author":[{"embeddable":true,"href":"https:\/\/www.correiodascidades.com.br\/v1\/wp-json\/wp\/v2\/users\/3"}],"replies":[{"embeddable":true,"href":"https:\/\/www.correiodascidades.com.br\/v1\/wp-json\/wp\/v2\/comments?post=6150"}],"version-history":[{"count":4,"href":"https:\/\/www.correiodascidades.com.br\/v1\/wp-json\/wp\/v2\/posts\/6150\/revisions"}],"predecessor-version":[{"id":6159,"href":"https:\/\/www.correiodascidades.com.br\/v1\/wp-json\/wp\/v2\/posts\/6150\/revisions\/6159"}],"wp:featuredmedia":[{"embeddable":true,"href":"https:\/\/www.correiodascidades.com.br\/v1\/wp-json\/wp\/v2\/media\/6154"}],"wp:attachment":[{"href":"https:\/\/www.correiodascidades.com.br\/v1\/wp-json\/wp\/v2\/media?parent=6150"}],"wp:term":[{"taxonomy":"category","embeddable":true,"href":"https:\/\/www.correiodascidades.com.br\/v1\/wp-json\/wp\/v2\/categories?post=6150"},{"taxonomy":"post_tag","embeddable":true,"href":"https:\/\/www.correiodascidades.com.br\/v1\/wp-json\/wp\/v2\/tags?post=6150"}],"curies":[{"name":"wp","href":"https:\/\/api.w.org\/{rel}","templated":true}]}}