{"id":6183,"date":"2023-08-16T10:35:40","date_gmt":"2023-08-16T13:35:40","guid":{"rendered":"https:\/\/www.correiodascidades.com.br\/v1\/?p=6183"},"modified":"2023-08-16T10:35:40","modified_gmt":"2023-08-16T13:35:40","slug":"mais-um-onibus-quebra-e-deixa-a-populacao-no-meio-de-estrada","status":"publish","type":"post","link":"https:\/\/www.correiodascidades.com.br\/v1\/2023\/08\/16\/mais-um-onibus-quebra-e-deixa-a-populacao-no-meio-de-estrada\/","title":{"rendered":"Mais um \u00f4nibus\u00a0 quebra e deixa a popula\u00e7\u00e3o no meio de estrada"},"content":{"rendered":"<p><img loading=\"lazy\" class=\"\" src=\"https:\/\/www.correiodascidades.com.br\/v1\/wp-content\/uploads\/2023\/08\/b36e1a6d-1278-4b1b-9e01-5c54e2fc581a.jpg\" width=\"546\" height=\"1183\" \/><\/p>\n<p>&nbsp;<\/p>\n<p>Desta vez foi o carro que faz a Linha Sol e Mar e foi justamente na localidade, os clientes pagaram a passagem e sequer sa\u00edram de dentro do bairro. \u00c9 assim quase todos os dias e hor\u00e1rios.<\/p>\n<p>O carro estava cheio com todo povo que estavam indo para os seus locais de destino e ficaram no meio da estrada. Quase sempre as pessoas passam por este tipo de angustia.<\/p>\n<p>O pre\u00e7o da passagem aumentou e as pessoas receberam o valor escorchante e o modelo de servi\u00e7o em nada melhorou, ao contr\u00e1rio piora a cada dia.<\/p>\n<p>Se observarmos todos os dias os carros quebram . desta vez foi o \u00f4nibus da Via metro, a semana passada foram v\u00e1rios carros da empresa S\u00e3o Miguel .<\/p>\n<p>&nbsp;<\/p>\n<p>Desta vez foi o carro que faz a Linha Sol e Mar e foi justamente na localidade, os clientes pagaram a passagem e sequer sa\u00edram de dentro do bairro. \u00c9 assim quase todos os dias e hor\u00e1rios.<\/p>\n<p>O carro estava cheio com todo povo que estavam indo para os seus locais de destino e ficaram no meio da estrada. Quase sempre as pessoas passam por este tipo de angustia.<\/p>\n<p>O pre\u00e7o da passagem aumentou e as pessoas receberam o valor escorchante e o modelo de servi\u00e7o em nada melhorou, ao contr\u00e1rio piora a cada dia.<\/p>\n<p>Se observarmos todos os dias os carros quebram . desta vez foi o \u00f4nibus da Via metro, a semana passada foram v\u00e1rios carros da empresa S\u00e3o Miguel .<\/p>\n<p>Foto: Morador e usu\u00e1rio do transporte Jailto Reis.<\/p>\n","protected":false},"excerpt":{"rendered":"<p>&nbsp; Desta vez foi o carro que faz a Linha Sol e Mar e foi justamente na localidade, os clientes pagaram a passagem e sequer sa\u00edram de dentro do bairro. \u00c9 assim quase todos os dias e hor\u00e1rios. O carro estava cheio com todo povo que estavam indo para os seus locais de destino e [&hellip;]<\/p>\n","protected":false},"author":3,"featured_media":6184,"comment_status":"closed","ping_status":"closed","sticky":false,"template":"","format":"standard","meta":{"_links_to":"","_links_to_target":""},"categories":[11],"tags":[],"_links":{"self":[{"href":"https:\/\/www.correiodascidades.com.br\/v1\/wp-json\/wp\/v2\/posts\/6183"}],"collection":[{"href":"https:\/\/www.correiodascidades.com.br\/v1\/wp-json\/wp\/v2\/posts"}],"about":[{"href":"https:\/\/www.correiodascidades.com.br\/v1\/wp-json\/wp\/v2\/types\/post"}],"author":[{"embeddable":true,"href":"https:\/\/www.correiodascidades.com.br\/v1\/wp-json\/wp\/v2\/users\/3"}],"replies":[{"embeddable":true,"href":"https:\/\/www.correiodascidades.com.br\/v1\/wp-json\/wp\/v2\/comments?post=6183"}],"version-history":[{"count":1,"href":"https:\/\/www.correiodascidades.com.br\/v1\/wp-json\/wp\/v2\/posts\/6183\/revisions"}],"predecessor-version":[{"id":6185,"href":"https:\/\/www.correiodascidades.com.br\/v1\/wp-json\/wp\/v2\/posts\/6183\/revisions\/6185"}],"wp:featuredmedia":[{"embeddable":true,"href":"https:\/\/www.correiodascidades.com.br\/v1\/wp-json\/wp\/v2\/media\/6184"}],"wp:attachment":[{"href":"https:\/\/www.correiodascidades.com.br\/v1\/wp-json\/wp\/v2\/media?parent=6183"}],"wp:term":[{"taxonomy":"category","embeddable":true,"href":"https:\/\/www.correiodascidades.com.br\/v1\/wp-json\/wp\/v2\/categories?post=6183"},{"taxonomy":"post_tag","embeddable":true,"href":"https:\/\/www.correiodascidades.com.br\/v1\/wp-json\/wp\/v2\/tags?post=6183"}],"curies":[{"name":"wp","href":"https:\/\/api.w.org\/{rel}","templated":true}]}}