{"id":6193,"date":"2023-08-17T01:28:24","date_gmt":"2023-08-17T04:28:24","guid":{"rendered":"https:\/\/www.correiodascidades.com.br\/v1\/?p=6193"},"modified":"2023-08-17T01:28:24","modified_gmt":"2023-08-17T04:28:24","slug":"deputados-estaduais-protocolam-na-pf-pedido-de-investigacao-criminal-contra-a-via-bahia","status":"publish","type":"post","link":"https:\/\/www.correiodascidades.com.br\/v1\/2023\/08\/17\/deputados-estaduais-protocolam-na-pf-pedido-de-investigacao-criminal-contra-a-via-bahia\/","title":{"rendered":"Deputados estaduais protocolam na PF pedido de investiga\u00e7\u00e3o criminal contra a Via Bahia"},"content":{"rendered":"<p><img loading=\"lazy\" class=\"\" src=\"https:\/\/www.correiodascidades.com.br\/v1\/wp-content\/uploads\/2023\/08\/FOTO-DEPUTADOS-VIABAHIA.jpg\" width=\"515\" height=\"386\" \/><\/p>\n<p>Uma comitiva de oito deputados estaduais participou nesta ter\u00e7a-feira (15) \u00e0 tarde de audi\u00eancia com o superintendente da Pol\u00edcia Federal na Bahia, o delegado Fl\u00e1vio Albergaria, para protocolar uma representa\u00e7\u00e3o criminal contra a Via Bahia, respons\u00e1vel pela administra\u00e7\u00e3o da BR-324 e da BR-116 no Estado.<\/p>\n<p>Os parlamentares querem que a Pol\u00edcia Federal apure a responsabilidade criminal da Via Bahia na falta de manuten\u00e7\u00e3o dos trechos baianos administrados pela empresa e, caso comprovada a neglig\u00eancia, seja solicitada a pris\u00e3o dos gestores da concession\u00e1ria.<!--more--><br \/>\nPresidente da Comiss\u00e3o de Infraestrutura, Desenvolvimento Econ\u00f4mico e Turismo, o deputado estadual Eduardo Salles, idealizador da representa\u00e7\u00e3o criminal, alega que a Via Bahia tem negligenciado suas obriga\u00e7\u00f5es contratuais h\u00e1 mais de uma d\u00e9cada e que nenhum usu\u00e1rio das duas rodovias aguentar\u00e1 trafegar nas atuais condi\u00e7\u00f5es das duas estradas at\u00e9 2034, quando acaba a concess\u00e3o.<\/p>\n<p>\u201cTemos certeza que a Pol\u00edcia Federal vai apurar e tomar as provid\u00eancias devidas. N\u00e3o podemos ser o pa\u00eds da impunidade. J\u00e1 tivemos in\u00fameros casos de acidentes com v\u00edtimas fatais nestas rodovias. S\u00e3o milhares de usu\u00e1rios que transitam por vias esburacadas, com diversas rachaduras no asfalto, faltando sinaliza\u00e7\u00e3o e por trechos em que a vegeta\u00e7\u00e3o invade a pista, causando riscos de graves acidentes\u201d, argumentou o parlamentar.<\/p>\n<p>O superintendente garantiu o empenho da Pol\u00edcia Federal no caso. \u201cFoi protocolado uma not\u00edcia de crime e, agora, iremos fazer a an\u00e1lise jur\u00eddica para verificar se h\u00e1 elementos para instaurar o inqu\u00e9rito policial\u201d, afirmou Fl\u00e1vio Albergaria.<\/p>\n<p>Participaram da audi\u00eancia na Pol\u00edcia Federal os deputados Eduardo Salles, Tiago Correia, Luciano Ara\u00fajo, Ricardo Rodrigues, Marcinho Oliveira, Hassan Iossef, Felipe Duarte e Raimundinho da Jr.<\/p>\n<p>Os parlamentares que comp\u00f5em a Comiss\u00e3o de Infraestrutura, Desenvolvimento Econ\u00f4mico e Turismo da Assembleia Legislativa da Bahia agora v\u00e3o a Bras\u00edlia para audi\u00eancia na ANTT (Ag\u00eancia Nacional de Transportes Terrestres) ao lado dos deputados federais da bancada baiana para cobrar provid\u00eancias com rela\u00e7\u00e3o ao cumprimento do contrato.<\/p>\n<p>\u201cTodos os deputados est\u00e3o mobilizados para que tenhamos uma solu\u00e7\u00e3o imediata. Quase um quarto da Assembleia Legislativa esteve hoje aqui na Pol\u00edcia Federal e seguiremos sem descanso at\u00e9 que os baianos tenham os seus direitos respeitados\u201d, afirmou Eduardo Salles.<\/p>\n","protected":false},"excerpt":{"rendered":"<p>Uma comitiva de oito deputados estaduais participou nesta ter\u00e7a-feira (15) \u00e0 tarde de audi\u00eancia com o superintendente da Pol\u00edcia Federal na Bahia, o delegado Fl\u00e1vio Albergaria, para protocolar uma representa\u00e7\u00e3o criminal contra a Via Bahia, respons\u00e1vel pela administra\u00e7\u00e3o da BR-324 e da BR-116 no Estado. Os parlamentares querem que a Pol\u00edcia Federal apure a responsabilidade [&hellip;]<\/p>\n","protected":false},"author":3,"featured_media":6194,"comment_status":"closed","ping_status":"closed","sticky":false,"template":"","format":"standard","meta":{"_links_to":"","_links_to_target":""},"categories":[11],"tags":[],"_links":{"self":[{"href":"https:\/\/www.correiodascidades.com.br\/v1\/wp-json\/wp\/v2\/posts\/6193"}],"collection":[{"href":"https:\/\/www.correiodascidades.com.br\/v1\/wp-json\/wp\/v2\/posts"}],"about":[{"href":"https:\/\/www.correiodascidades.com.br\/v1\/wp-json\/wp\/v2\/types\/post"}],"author":[{"embeddable":true,"href":"https:\/\/www.correiodascidades.com.br\/v1\/wp-json\/wp\/v2\/users\/3"}],"replies":[{"embeddable":true,"href":"https:\/\/www.correiodascidades.com.br\/v1\/wp-json\/wp\/v2\/comments?post=6193"}],"version-history":[{"count":1,"href":"https:\/\/www.correiodascidades.com.br\/v1\/wp-json\/wp\/v2\/posts\/6193\/revisions"}],"predecessor-version":[{"id":6195,"href":"https:\/\/www.correiodascidades.com.br\/v1\/wp-json\/wp\/v2\/posts\/6193\/revisions\/6195"}],"wp:featuredmedia":[{"embeddable":true,"href":"https:\/\/www.correiodascidades.com.br\/v1\/wp-json\/wp\/v2\/media\/6194"}],"wp:attachment":[{"href":"https:\/\/www.correiodascidades.com.br\/v1\/wp-json\/wp\/v2\/media?parent=6193"}],"wp:term":[{"taxonomy":"category","embeddable":true,"href":"https:\/\/www.correiodascidades.com.br\/v1\/wp-json\/wp\/v2\/categories?post=6193"},{"taxonomy":"post_tag","embeddable":true,"href":"https:\/\/www.correiodascidades.com.br\/v1\/wp-json\/wp\/v2\/tags?post=6193"}],"curies":[{"name":"wp","href":"https:\/\/api.w.org\/{rel}","templated":true}]}}