{"id":6214,"date":"2023-08-19T14:04:22","date_gmt":"2023-08-19T17:04:22","guid":{"rendered":"https:\/\/www.correiodascidades.com.br\/v1\/?p=6214"},"modified":"2023-08-19T14:04:22","modified_gmt":"2023-08-19T17:04:22","slug":"dois-homens-sao-presos-por-trafico-de-drogas-em-santo-antonio-de-jesus","status":"publish","type":"post","link":"https:\/\/www.correiodascidades.com.br\/v1\/2023\/08\/19\/dois-homens-sao-presos-por-trafico-de-drogas-em-santo-antonio-de-jesus\/","title":{"rendered":"Dois homens s\u00e3o presos por tr\u00e1fico de drogas em Santo Ant\u00f4nio de Jesus"},"content":{"rendered":"<header class=\"entry-header-outer\">\n<div class=\"entry-header\">\n<h1><img src=\"https:\/\/www.correiodascidades.com.br\/v1\/wp-content\/uploads\/2023\/08\/IMAGEM_NOTICIA_5-6.jpg\" \/><\/h1>\n<h1 class=\"post-title entry-title\"><span style=\"font-size: 16px;\">\u00a0Dois homens foram presos na noite da \u00faltima quinta-feira (17) por <\/span><a style=\"font-size: 16px;\" href=\"https:\/\/midiabahia.com.br\/homem-e-preso-por-suspeita-de-trafico-de-drogas-em-mutuipe\/\" data-type=\"post\" data-id=\"8794709\">tr\u00e1fico de drogas<\/a><span style=\"font-size: 16px;\">\u00a0em Santo Ant\u00f4nio de Jesus. Um dos suspeitos foi localizado no bairro Maria Preta, com um tablete e quatro por\u00e7\u00f5es de coca\u00edna, al\u00e9m da quantia de R$ 471.<\/span><\/h1>\n<\/div>\n<\/header>\n<div class=\"entry-content entry clearfix\">\n<p>O homem estava dentro de um carro quando foi abordado pela equipe. O ve\u00edculo teria sido alugado por outro suspeito para ser usado na pr\u00e1tica do tr\u00e1fico. \u201cEle levou os policiais at\u00e9 o local de trabalho do comparsa e l\u00e1 foram apreendidas mais por\u00e7\u00f5es de coca\u00edna\u201d, informou o coordenador regional de SAJ, delegado Joaquim Souza.<\/p>\n<div class=\"teads-inread\">\n<div>\n<div id=\"teads0\" class=\"teads-player\">Segundo informa\u00e7\u00f5es da Pol\u00edcia Civil, os suspeitos estavam envolvidos em atividades de tr\u00e1fico de drogas nos bairros Irm\u00e3 Dulce, Alto Santo Ant\u00f4nio, Maria Preta e Centro da cidade. Foram apreendidos cerca de 1.1 kg de coca\u00edna e 300 g de maconha.<\/div>\n<\/div>\n<\/div>\n<\/div>\n","protected":false},"excerpt":{"rendered":"<p>\u00a0Dois homens foram presos na noite da \u00faltima quinta-feira (17) por tr\u00e1fico de drogas\u00a0em Santo Ant\u00f4nio de Jesus. Um dos suspeitos foi localizado no bairro Maria Preta, com um tablete e quatro por\u00e7\u00f5es de coca\u00edna, al\u00e9m da quantia de R$ 471. O homem estava dentro de um carro quando foi abordado pela equipe. O ve\u00edculo [&hellip;]<\/p>\n","protected":false},"author":3,"featured_media":6215,"comment_status":"closed","ping_status":"closed","sticky":false,"template":"","format":"standard","meta":{"_links_to":"","_links_to_target":""},"categories":[2],"tags":[],"_links":{"self":[{"href":"https:\/\/www.correiodascidades.com.br\/v1\/wp-json\/wp\/v2\/posts\/6214"}],"collection":[{"href":"https:\/\/www.correiodascidades.com.br\/v1\/wp-json\/wp\/v2\/posts"}],"about":[{"href":"https:\/\/www.correiodascidades.com.br\/v1\/wp-json\/wp\/v2\/types\/post"}],"author":[{"embeddable":true,"href":"https:\/\/www.correiodascidades.com.br\/v1\/wp-json\/wp\/v2\/users\/3"}],"replies":[{"embeddable":true,"href":"https:\/\/www.correiodascidades.com.br\/v1\/wp-json\/wp\/v2\/comments?post=6214"}],"version-history":[{"count":1,"href":"https:\/\/www.correiodascidades.com.br\/v1\/wp-json\/wp\/v2\/posts\/6214\/revisions"}],"predecessor-version":[{"id":6216,"href":"https:\/\/www.correiodascidades.com.br\/v1\/wp-json\/wp\/v2\/posts\/6214\/revisions\/6216"}],"wp:featuredmedia":[{"embeddable":true,"href":"https:\/\/www.correiodascidades.com.br\/v1\/wp-json\/wp\/v2\/media\/6215"}],"wp:attachment":[{"href":"https:\/\/www.correiodascidades.com.br\/v1\/wp-json\/wp\/v2\/media?parent=6214"}],"wp:term":[{"taxonomy":"category","embeddable":true,"href":"https:\/\/www.correiodascidades.com.br\/v1\/wp-json\/wp\/v2\/categories?post=6214"},{"taxonomy":"post_tag","embeddable":true,"href":"https:\/\/www.correiodascidades.com.br\/v1\/wp-json\/wp\/v2\/tags?post=6214"}],"curies":[{"name":"wp","href":"https:\/\/api.w.org\/{rel}","templated":true}]}}