{"id":6222,"date":"2023-08-20T10:45:25","date_gmt":"2023-08-20T13:45:25","guid":{"rendered":"https:\/\/www.correiodascidades.com.br\/v1\/?p=6222"},"modified":"2023-08-20T10:45:25","modified_gmt":"2023-08-20T13:45:25","slug":"vereadora-indiara-pataxo-comemora-o-avanco-de-obras-das-suas-indicacoes-em-cabralia","status":"publish","type":"post","link":"https:\/\/www.correiodascidades.com.br\/v1\/2023\/08\/20\/vereadora-indiara-pataxo-comemora-o-avanco-de-obras-das-suas-indicacoes-em-cabralia\/","title":{"rendered":"Vereadora Indiara Patax\u00f3 comemora o avan\u00e7o de obras das suas indica\u00e7\u00f5es em Cabr\u00e1lia"},"content":{"rendered":"<div id=\"attachment_14853\" style=\"width: 611px\" class=\"wp-caption alignnone\"><img aria-describedby=\"caption-attachment-14853\" loading=\"lazy\" class=\"wp-image-14853\" src=\"https:\/\/www.povosindigenas.blog.br\/v1\/wp-content\/uploads\/2023\/08\/OBRAS-000001.jpg\" alt=\"OBRAS 000001\" width=\"601\" height=\"355\" \/><p id=\"caption-attachment-14853\" class=\"wp-caption-text\"><strong>A vereadora Indiara\u00a0 Patax\u00f3, acompanha a execu\u00e7\u00e3o das obras. Fotos: Divulga\u00e7\u00e3o<\/strong><\/p><\/div>\n<div data-hook=\"rcv-block9\">\n<p><strong>V\u00e1rias indica\u00e7\u00f5es da vereadora Indiara, s\u00e3o atendidas pelo prefeito Agnelo Santos de Santa Cruz Cabr\u00e1lia<\/strong><\/p>\n<p>A vereadora e l\u00edder ind\u00edgena de Santa Cruz Cabr\u00e1lia, Indiara Patax\u00f3, comemora o avan\u00e7o nas execu\u00e7\u00f5es de importantes obras, conseguidas por suas indica\u00e7\u00f5es, frutos da boa atua\u00e7\u00e3o da parlamentar, atendida pelo poder executivo municipal.<\/p>\n<\/div>\n<p><!--more--><\/p>\n<div data-hook=\"rcv-block9\">\n<p>A parlamentar ind\u00edgena, Indiara Patax\u00f3, destaca a parceria do prefeito Agnelo Santos, com os mun\u00edcipes \u201cagrade\u00e7o ao prefeito Agnelo pela parceria com o povo, e as obras que est\u00e3o mudando a realidade dos cabralienses\u201d disse Indiara.<\/p>\n<p><img loading=\"lazy\" class=\"alignnone wp-image-14856\" src=\"https:\/\/www.povosindigenas.blog.br\/v1\/wp-content\/uploads\/2023\/08\/OBRA-002-OK.jpg\" alt=\"OBRA 002 OK\" width=\"603\" height=\"382\" \/><\/p>\n<p>As indica\u00e7\u00f5es que a vereadora tem apresentado na C\u00e2mara de Cabr\u00e1lia visam melhorar a vidas das pessoas e o gestor da cidade, Agnelo Santos, tem tido um olhar nunca antes dado por nenhum outro prefeito para Coroa Vermelha, e outros pontos da cidade.<\/p>\n<p><img loading=\"lazy\" class=\"alignnone wp-image-14854\" src=\"https:\/\/www.povosindigenas.blog.br\/v1\/wp-content\/uploads\/2023\/08\/OBRA.jpg\" alt=\"OBRA\" width=\"602\" height=\"407\" \/><\/p>\n<p>A vereadora fez importantes indica\u00e7\u00f5es para o bairro Rio Jardim em Coroa Vermelha, desde o ano de 2018; Indiara foi a \u00fanica vereadora a buscar obras para Coroa Vermelha junto com o prefeito Agnelo Santos.<\/p>\n<div id=\"attachment_14857\" style=\"width: 620px\" class=\"wp-caption alignnone\"><img aria-describedby=\"caption-attachment-14857\" loading=\"lazy\" class=\"wp-image-14857\" src=\"https:\/\/www.povosindigenas.blog.br\/v1\/wp-content\/uploads\/2023\/08\/INDICA\u00c7AO-0001.jpg\" alt=\"INDICA\u00c7AO 0001\" width=\"610\" height=\"313\" \/><p id=\"caption-attachment-14857\" class=\"wp-caption-text\"><strong>Algumas das importantes indica\u00e7\u00f5es da vereadora<\/strong><\/p><\/div>\n<p><strong>Centro de Lazer<\/strong><\/p>\n<p>Vale ressaltar que a obra do Centro de Lazer que est\u00e1 sendo constru\u00eddo no AFENG, \u00e9 mais uma indica\u00e7\u00e3o da vereadora, que aproveitou a oportunidade para agradecer aos seus pares, pela aprova\u00e7\u00e3o de suas indica\u00e7\u00f5es.<\/p>\n<p>Fonte: Blog Povos Ind\u00edgenas<\/p>\n<\/div>\n","protected":false},"excerpt":{"rendered":"<p>V\u00e1rias indica\u00e7\u00f5es da vereadora Indiara, s\u00e3o atendidas pelo prefeito Agnelo Santos de Santa Cruz Cabr\u00e1lia A vereadora e l\u00edder ind\u00edgena de Santa Cruz Cabr\u00e1lia, Indiara Patax\u00f3, comemora o avan\u00e7o nas execu\u00e7\u00f5es de importantes obras, conseguidas por suas indica\u00e7\u00f5es, frutos da boa atua\u00e7\u00e3o da parlamentar, atendida pelo poder executivo municipal.<\/p>\n","protected":false},"author":3,"featured_media":6223,"comment_status":"closed","ping_status":"closed","sticky":false,"template":"","format":"standard","meta":{"_links_to":"","_links_to_target":""},"categories":[5],"tags":[],"_links":{"self":[{"href":"https:\/\/www.correiodascidades.com.br\/v1\/wp-json\/wp\/v2\/posts\/6222"}],"collection":[{"href":"https:\/\/www.correiodascidades.com.br\/v1\/wp-json\/wp\/v2\/posts"}],"about":[{"href":"https:\/\/www.correiodascidades.com.br\/v1\/wp-json\/wp\/v2\/types\/post"}],"author":[{"embeddable":true,"href":"https:\/\/www.correiodascidades.com.br\/v1\/wp-json\/wp\/v2\/users\/3"}],"replies":[{"embeddable":true,"href":"https:\/\/www.correiodascidades.com.br\/v1\/wp-json\/wp\/v2\/comments?post=6222"}],"version-history":[{"count":1,"href":"https:\/\/www.correiodascidades.com.br\/v1\/wp-json\/wp\/v2\/posts\/6222\/revisions"}],"predecessor-version":[{"id":6224,"href":"https:\/\/www.correiodascidades.com.br\/v1\/wp-json\/wp\/v2\/posts\/6222\/revisions\/6224"}],"wp:featuredmedia":[{"embeddable":true,"href":"https:\/\/www.correiodascidades.com.br\/v1\/wp-json\/wp\/v2\/media\/6223"}],"wp:attachment":[{"href":"https:\/\/www.correiodascidades.com.br\/v1\/wp-json\/wp\/v2\/media?parent=6222"}],"wp:term":[{"taxonomy":"category","embeddable":true,"href":"https:\/\/www.correiodascidades.com.br\/v1\/wp-json\/wp\/v2\/categories?post=6222"},{"taxonomy":"post_tag","embeddable":true,"href":"https:\/\/www.correiodascidades.com.br\/v1\/wp-json\/wp\/v2\/tags?post=6222"}],"curies":[{"name":"wp","href":"https:\/\/api.w.org\/{rel}","templated":true}]}}