{"id":6225,"date":"2023-08-20T20:48:07","date_gmt":"2023-08-20T23:48:07","guid":{"rendered":"https:\/\/www.correiodascidades.com.br\/v1\/?p=6225"},"modified":"2023-08-20T20:48:07","modified_gmt":"2023-08-20T23:48:07","slug":"jovem-e-encontrada-morta-em-lauro-de-freitas-policia-aponta-suspeita-de-envenenamento","status":"publish","type":"post","link":"https:\/\/www.correiodascidades.com.br\/v1\/2023\/08\/20\/jovem-e-encontrada-morta-em-lauro-de-freitas-policia-aponta-suspeita-de-envenenamento\/","title":{"rendered":"Jovem \u00e9 encontrada morta em Lauro de Freitas, pol\u00edcia aponta suspeita de envenenamento"},"content":{"rendered":"<p><img src=\"https:\/\/www.correiodascidades.com.br\/v1\/wp-content\/uploads\/2023\/08\/natalhie-1.jpeg\" \/><\/p>\n<p>Nathalie de Jesus Barbosa da Silva foi encontrada morta dentro de casa, neste s\u00e1bado (19), no bairro de Itinga, em Lauro de Freitas. A pol\u00edcia investiga se o companheiro dela tem envolvimento com a morte, at\u00e9 a manh\u00e3 deste domingo, ele n\u00e3o havia sido localizado, e existe hist\u00f3rico de agress\u00e3o.<\/p>\n<p>Possivelmente, Natalie morreu por envenenamento, o corpo foi removido pelo Departamento de Pol\u00edcia T\u00e9cnica, sendo encaminhado ao Instituto M\u00e9dico Legal. A causa da morte ser\u00e1 confirmada ap\u00f3s emiss\u00e3o do laudo pericial.<\/p>\n<div class=\"stream-item stream-item-in-post stream-item-inline-post aligncenter\"><\/div>\n","protected":false},"excerpt":{"rendered":"<p>Nathalie de Jesus Barbosa da Silva foi encontrada morta dentro de casa, neste s\u00e1bado (19), no bairro de Itinga, em Lauro de Freitas. A pol\u00edcia investiga se o companheiro dela tem envolvimento com a morte, at\u00e9 a manh\u00e3 deste domingo, ele n\u00e3o havia sido localizado, e existe hist\u00f3rico de agress\u00e3o. Possivelmente, Natalie morreu por envenenamento, [&hellip;]<\/p>\n","protected":false},"author":3,"featured_media":6226,"comment_status":"closed","ping_status":"closed","sticky":false,"template":"","format":"standard","meta":{"_links_to":"","_links_to_target":""},"categories":[11,2],"tags":[],"_links":{"self":[{"href":"https:\/\/www.correiodascidades.com.br\/v1\/wp-json\/wp\/v2\/posts\/6225"}],"collection":[{"href":"https:\/\/www.correiodascidades.com.br\/v1\/wp-json\/wp\/v2\/posts"}],"about":[{"href":"https:\/\/www.correiodascidades.com.br\/v1\/wp-json\/wp\/v2\/types\/post"}],"author":[{"embeddable":true,"href":"https:\/\/www.correiodascidades.com.br\/v1\/wp-json\/wp\/v2\/users\/3"}],"replies":[{"embeddable":true,"href":"https:\/\/www.correiodascidades.com.br\/v1\/wp-json\/wp\/v2\/comments?post=6225"}],"version-history":[{"count":1,"href":"https:\/\/www.correiodascidades.com.br\/v1\/wp-json\/wp\/v2\/posts\/6225\/revisions"}],"predecessor-version":[{"id":6227,"href":"https:\/\/www.correiodascidades.com.br\/v1\/wp-json\/wp\/v2\/posts\/6225\/revisions\/6227"}],"wp:featuredmedia":[{"embeddable":true,"href":"https:\/\/www.correiodascidades.com.br\/v1\/wp-json\/wp\/v2\/media\/6226"}],"wp:attachment":[{"href":"https:\/\/www.correiodascidades.com.br\/v1\/wp-json\/wp\/v2\/media?parent=6225"}],"wp:term":[{"taxonomy":"category","embeddable":true,"href":"https:\/\/www.correiodascidades.com.br\/v1\/wp-json\/wp\/v2\/categories?post=6225"},{"taxonomy":"post_tag","embeddable":true,"href":"https:\/\/www.correiodascidades.com.br\/v1\/wp-json\/wp\/v2\/tags?post=6225"}],"curies":[{"name":"wp","href":"https:\/\/api.w.org\/{rel}","templated":true}]}}