{"id":6231,"date":"2023-08-20T21:17:30","date_gmt":"2023-08-21T00:17:30","guid":{"rendered":"https:\/\/www.correiodascidades.com.br\/v1\/?p=6231"},"modified":"2023-08-20T21:57:21","modified_gmt":"2023-08-21T00:57:21","slug":"ilheus-todos-fazem-os-servicos-de-transito-menos-a-prefeitura","status":"publish","type":"post","link":"https:\/\/www.correiodascidades.com.br\/v1\/2023\/08\/20\/ilheus-todos-fazem-os-servicos-de-transito-menos-a-prefeitura\/","title":{"rendered":"ILH\u00c9US: Todos fazem os servi\u00e7os de Tr\u00e2nsito menos a prefeitura"},"content":{"rendered":"<p><img src=\"https:\/\/www.correiodascidades.com.br\/v1\/wp-content\/uploads\/2023\/08\/5d764ad6-de21-4c26-8e02-0718e811f7c4-1.jpg\" \/><\/p>\n<p>Curiosidade ou n\u00e3o, uma coisa \u00e9 certa, v\u00e1rias pessoas est\u00e3o fazendo o dever da Autarquia de Tr\u00e2nsito. O povo, cada um colabora como pode.\u00a0 Quase todos os dias um cidad\u00e3o est\u00e1 com um apito, vestido com um colete luminoso na Central de Abastecimento do Malhado sinalizando tentando d\u00e1 ordenamento no transito no local.<\/p>\n<p>No centro da cidade e no Bairro Parque Infantil este flagrante tamb\u00e9m j\u00e1 foi visto com outros atores da sociedade, e agora um cidad\u00e3o foi visto e fotografado pintando com recursos pr\u00f3prios as t\u00e3o sonhadas faixas de pedestre na Avenida Ubaitaba.<\/p>\n<p>O citado organograma deveria acontecer por parte da Prefeitura algo que est\u00e1 sendo clamado diariamente pelo povo. Por\u00e9m, se o governo n\u00e3o faz, algu\u00e9m tem que fazer. Chamamos aten\u00e7\u00e3o para entender que se a moda pegar em outros setores, chegar\u00e1 o tempo que n\u00e3o precisaremos mais de prefeito nem de prefeitura, \u00e9 s\u00f3 cada um tomar uma atitude de fazer.<\/p>\n","protected":false},"excerpt":{"rendered":"<p>Curiosidade ou n\u00e3o, uma coisa \u00e9 certa, v\u00e1rias pessoas est\u00e3o fazendo o dever da Autarquia de Tr\u00e2nsito. O povo, cada um colabora como pode.\u00a0 Quase todos os dias um cidad\u00e3o est\u00e1 com um apito, vestido com um colete luminoso na Central de Abastecimento do Malhado sinalizando tentando d\u00e1 ordenamento no transito no local. No centro [&hellip;]<\/p>\n","protected":false},"author":3,"featured_media":6232,"comment_status":"closed","ping_status":"closed","sticky":false,"template":"","format":"standard","meta":{"_links_to":"","_links_to_target":""},"categories":[2],"tags":[],"_links":{"self":[{"href":"https:\/\/www.correiodascidades.com.br\/v1\/wp-json\/wp\/v2\/posts\/6231"}],"collection":[{"href":"https:\/\/www.correiodascidades.com.br\/v1\/wp-json\/wp\/v2\/posts"}],"about":[{"href":"https:\/\/www.correiodascidades.com.br\/v1\/wp-json\/wp\/v2\/types\/post"}],"author":[{"embeddable":true,"href":"https:\/\/www.correiodascidades.com.br\/v1\/wp-json\/wp\/v2\/users\/3"}],"replies":[{"embeddable":true,"href":"https:\/\/www.correiodascidades.com.br\/v1\/wp-json\/wp\/v2\/comments?post=6231"}],"version-history":[{"count":3,"href":"https:\/\/www.correiodascidades.com.br\/v1\/wp-json\/wp\/v2\/posts\/6231\/revisions"}],"predecessor-version":[{"id":6241,"href":"https:\/\/www.correiodascidades.com.br\/v1\/wp-json\/wp\/v2\/posts\/6231\/revisions\/6241"}],"wp:featuredmedia":[{"embeddable":true,"href":"https:\/\/www.correiodascidades.com.br\/v1\/wp-json\/wp\/v2\/media\/6232"}],"wp:attachment":[{"href":"https:\/\/www.correiodascidades.com.br\/v1\/wp-json\/wp\/v2\/media?parent=6231"}],"wp:term":[{"taxonomy":"category","embeddable":true,"href":"https:\/\/www.correiodascidades.com.br\/v1\/wp-json\/wp\/v2\/categories?post=6231"},{"taxonomy":"post_tag","embeddable":true,"href":"https:\/\/www.correiodascidades.com.br\/v1\/wp-json\/wp\/v2\/tags?post=6231"}],"curies":[{"name":"wp","href":"https:\/\/api.w.org\/{rel}","templated":true}]}}