{"id":6234,"date":"2023-08-20T21:35:34","date_gmt":"2023-08-21T00:35:34","guid":{"rendered":"https:\/\/www.correiodascidades.com.br\/v1\/?p=6234"},"modified":"2023-08-20T21:54:24","modified_gmt":"2023-08-21T00:54:24","slug":"ilheus-com-recursos-proprios-o-vereador-augustao-reformou-a-praca-da-vila-olimpio","status":"publish","type":"post","link":"https:\/\/www.correiodascidades.com.br\/v1\/2023\/08\/20\/ilheus-com-recursos-proprios-o-vereador-augustao-reformou-a-praca-da-vila-olimpio\/","title":{"rendered":"Ilh\u00e9us: Com recursos pr\u00f3prios o Vereador August\u00e3o reformou a pra\u00e7a da Vila Ol\u00edmpio"},"content":{"rendered":"<p><img loading=\"lazy\" class=\"\" src=\"https:\/\/www.correiodascidades.com.br\/v1\/wp-content\/uploads\/2023\/08\/4222ec98-135b-4e87-8401-e50bc32b7456-300x300.jpg\" width=\"566\" height=\"566\" \/><\/p>\n<p>Situada na Zona Norte da cidade de Ilh\u00e9us, a mencionada pra\u00e7a est\u00e1 em uma regi\u00e3o distrital esquecida pela administra\u00e7\u00e3o p\u00fablica, por\u00e9m n\u00e3o foi esquecida pelo Vereador Carlos Augusto &#8220;August\u00e3o&#8221;. Depois de enviar in\u00fameros of\u00edcios requerendo a requalifica\u00e7\u00e3o o ordenamento da pra\u00e7a e n\u00e3o ter a mesma requalificada, o vereador foi l\u00e1 e resolveu o problema, assim como em outros locais, o vereador organizou toda a pra\u00e7a e presentou a popula\u00e7\u00e3o.<\/p>\n<p>A localidade est\u00e1 bonita, apraz\u00edvel e convidativa a todos que moram na localidade<\/p>\n","protected":false},"excerpt":{"rendered":"<p>Situada na Zona Norte da cidade de Ilh\u00e9us, a mencionada pra\u00e7a est\u00e1 em uma regi\u00e3o distrital esquecida pela administra\u00e7\u00e3o p\u00fablica, por\u00e9m n\u00e3o foi esquecida pelo Vereador Carlos Augusto &#8220;August\u00e3o&#8221;. Depois de enviar in\u00fameros of\u00edcios requerendo a requalifica\u00e7\u00e3o o ordenamento da pra\u00e7a e n\u00e3o ter a mesma requalificada, o vereador foi l\u00e1 e resolveu o problema, [&hellip;]<\/p>\n","protected":false},"author":3,"featured_media":6235,"comment_status":"closed","ping_status":"closed","sticky":false,"template":"","format":"standard","meta":{"_links_to":"","_links_to_target":""},"categories":[2],"tags":[],"_links":{"self":[{"href":"https:\/\/www.correiodascidades.com.br\/v1\/wp-json\/wp\/v2\/posts\/6234"}],"collection":[{"href":"https:\/\/www.correiodascidades.com.br\/v1\/wp-json\/wp\/v2\/posts"}],"about":[{"href":"https:\/\/www.correiodascidades.com.br\/v1\/wp-json\/wp\/v2\/types\/post"}],"author":[{"embeddable":true,"href":"https:\/\/www.correiodascidades.com.br\/v1\/wp-json\/wp\/v2\/users\/3"}],"replies":[{"embeddable":true,"href":"https:\/\/www.correiodascidades.com.br\/v1\/wp-json\/wp\/v2\/comments?post=6234"}],"version-history":[{"count":3,"href":"https:\/\/www.correiodascidades.com.br\/v1\/wp-json\/wp\/v2\/posts\/6234\/revisions"}],"predecessor-version":[{"id":6239,"href":"https:\/\/www.correiodascidades.com.br\/v1\/wp-json\/wp\/v2\/posts\/6234\/revisions\/6239"}],"wp:featuredmedia":[{"embeddable":true,"href":"https:\/\/www.correiodascidades.com.br\/v1\/wp-json\/wp\/v2\/media\/6235"}],"wp:attachment":[{"href":"https:\/\/www.correiodascidades.com.br\/v1\/wp-json\/wp\/v2\/media?parent=6234"}],"wp:term":[{"taxonomy":"category","embeddable":true,"href":"https:\/\/www.correiodascidades.com.br\/v1\/wp-json\/wp\/v2\/categories?post=6234"},{"taxonomy":"post_tag","embeddable":true,"href":"https:\/\/www.correiodascidades.com.br\/v1\/wp-json\/wp\/v2\/tags?post=6234"}],"curies":[{"name":"wp","href":"https:\/\/api.w.org\/{rel}","templated":true}]}}