{"id":6242,"date":"2023-08-21T08:31:43","date_gmt":"2023-08-21T11:31:43","guid":{"rendered":"https:\/\/www.correiodascidades.com.br\/v1\/?p=6242"},"modified":"2023-08-21T08:31:43","modified_gmt":"2023-08-21T11:31:43","slug":"faculdade-de-ilheus-coloca-novos-psicologos-no-mercado-de-trabalho","status":"publish","type":"post","link":"https:\/\/www.correiodascidades.com.br\/v1\/2023\/08\/21\/faculdade-de-ilheus-coloca-novos-psicologos-no-mercado-de-trabalho\/","title":{"rendered":"Faculdade de Ilh\u00e9us coloca novos psic\u00f3logos no mercado de trabalho"},"content":{"rendered":"<p><img src=\"https:\/\/www.correiodascidades.com.br\/v1\/wp-content\/uploads\/2023\/08\/Professores-homenageados-e-os-novos-psicologos-pela-Faculdade-de-Ilheus-1.jpg\" \/><\/p>\n<p style=\"font-weight: 400;\">Nos \u00faltimos anos, a Psicologia tem sido uma das \u00e1reas de atua\u00e7\u00e3o com maior expans\u00e3o no mercado de trabalho, com novo impulso ap\u00f3s a realidade social vivida na pandemia da covid-19. A Faculdade de Ilh\u00e9us, pioneira na oferta do curso de gradua\u00e7\u00e3o em Psicologia no munic\u00edpio, realizou solenidade de cola\u00e7\u00e3o de grau de novos profissionais.<\/p>\n<p style=\"font-weight: 400;\">A cerim\u00f4nia aconteceu no audit\u00f3rio Prof\u00aa Ad\u00e9lia Maria Carvalho de Melo, no campus da faculdade, dia 12, sob a presid\u00eancia do diretor-geral da institui\u00e7\u00e3o, professor Almir Milanesi. A mesa oficial contou com a presen\u00e7a do coordenador do curso de Psicologia, professor Lahiri Louren\u00e7o Argollo, da paraninfa da Turma 2023.1, professora Alba Mendon\u00e7a Alves, do patrono da Turma, professor Marcos Lord\u00e3o, e o assessor da diretora acad\u00eamica, Paulo C\u00e9sar Castro Xavier.<\/p>\n<p style=\"font-weight: 400;\">A oradora da turma foi a formanda Cristiane Bernardino dos Santos e Luna Argollo Barreto fez\u00a0o requerimento de cola\u00e7\u00e3o ao presidente da sess\u00e3o.\u00a0A formanda Mariana Cavalcante Lopes Massa conduziu o juramento profissional da Psicologia.<\/p>\n<p style=\"font-weight: 400;\">Na oportunidade, o diretor Almir Milanesi disse que \u201c\u00e9 preciso louvar a atua\u00e7\u00e3o dos psic\u00f3logos e psic\u00f3logas como profissionais indispens\u00e1veis \u00e0 compreens\u00e3o da mente humana e por ser uma profiss\u00e3o que se expande, constitui novas especialidades e se adequa aos processos de inova\u00e7\u00e3o tecnol\u00f3gica.\u201d<\/p>\n<p style=\"font-weight: 400;\">Ele destacou tamb\u00e9m o trabalho de car\u00e1ter social prestado \u00e0 popula\u00e7\u00e3o de Ilh\u00e9us e regi\u00e3o pelo curso de Psicologia, atrav\u00e9s da Cl\u00ednica-Escola e de outras a\u00e7\u00f5es de extens\u00e3o. Segundo informou Milanesi, somente no \u00faltimo semestre, a Cl\u00ednica-Escola de Psicologia da Faculdade de Ilh\u00e9us realizou 700 atendimentos psicol\u00f3gicos, entre idosos, adultos, adolescentes e crian\u00e7as. \u201cAl\u00e9m de 218 triagens, 56 atendimentos na modalidade de plant\u00e3o psicol\u00f3gico e 139 atendimentos na modalidade de avalia\u00e7\u00e3o psicol\u00f3gica\u201d, ressaltou.<\/p>\n","protected":false},"excerpt":{"rendered":"<p>Nos \u00faltimos anos, a Psicologia tem sido uma das \u00e1reas de atua\u00e7\u00e3o com maior expans\u00e3o no mercado de trabalho, com novo impulso ap\u00f3s a realidade social vivida na pandemia da covid-19. A Faculdade de Ilh\u00e9us, pioneira na oferta do curso de gradua\u00e7\u00e3o em Psicologia no munic\u00edpio, realizou solenidade de cola\u00e7\u00e3o de grau de novos profissionais. [&hellip;]<\/p>\n","protected":false},"author":3,"featured_media":6243,"comment_status":"closed","ping_status":"closed","sticky":false,"template":"","format":"standard","meta":{"_links_to":"","_links_to_target":""},"categories":[11,2],"tags":[],"_links":{"self":[{"href":"https:\/\/www.correiodascidades.com.br\/v1\/wp-json\/wp\/v2\/posts\/6242"}],"collection":[{"href":"https:\/\/www.correiodascidades.com.br\/v1\/wp-json\/wp\/v2\/posts"}],"about":[{"href":"https:\/\/www.correiodascidades.com.br\/v1\/wp-json\/wp\/v2\/types\/post"}],"author":[{"embeddable":true,"href":"https:\/\/www.correiodascidades.com.br\/v1\/wp-json\/wp\/v2\/users\/3"}],"replies":[{"embeddable":true,"href":"https:\/\/www.correiodascidades.com.br\/v1\/wp-json\/wp\/v2\/comments?post=6242"}],"version-history":[{"count":1,"href":"https:\/\/www.correiodascidades.com.br\/v1\/wp-json\/wp\/v2\/posts\/6242\/revisions"}],"predecessor-version":[{"id":6244,"href":"https:\/\/www.correiodascidades.com.br\/v1\/wp-json\/wp\/v2\/posts\/6242\/revisions\/6244"}],"wp:featuredmedia":[{"embeddable":true,"href":"https:\/\/www.correiodascidades.com.br\/v1\/wp-json\/wp\/v2\/media\/6243"}],"wp:attachment":[{"href":"https:\/\/www.correiodascidades.com.br\/v1\/wp-json\/wp\/v2\/media?parent=6242"}],"wp:term":[{"taxonomy":"category","embeddable":true,"href":"https:\/\/www.correiodascidades.com.br\/v1\/wp-json\/wp\/v2\/categories?post=6242"},{"taxonomy":"post_tag","embeddable":true,"href":"https:\/\/www.correiodascidades.com.br\/v1\/wp-json\/wp\/v2\/tags?post=6242"}],"curies":[{"name":"wp","href":"https:\/\/api.w.org\/{rel}","templated":true}]}}