{"id":6245,"date":"2023-08-21T08:39:15","date_gmt":"2023-08-21T11:39:15","guid":{"rendered":"https:\/\/www.correiodascidades.com.br\/v1\/?p=6245"},"modified":"2023-08-21T08:39:15","modified_gmt":"2023-08-21T11:39:15","slug":"bahia-goleia-o-bragantino-por-4-a-0-e-se-afasta-da-zona-do-rebaixamento","status":"publish","type":"post","link":"https:\/\/www.correiodascidades.com.br\/v1\/2023\/08\/21\/bahia-goleia-o-bragantino-por-4-a-0-e-se-afasta-da-zona-do-rebaixamento\/","title":{"rendered":"Bahia goleia o Bragantino por 4 a 0 e se afasta da zona do rebaixamento"},"content":{"rendered":"<p><img src=\"https:\/\/www.correiodascidades.com.br\/v1\/wp-content\/uploads\/2023\/08\/53130384864-46c097d9b5-k.jpg\" \/><\/p>\n<p>O Bahia venceu o Bragantino por 4 a 0 em jogo disputado na tarde deste domingo na Arena Fonte Nova, v\u00e1lido pela 20\u00aa rodada da S\u00e9rie A.<\/p>\n<p>Rezende, Vitor Hugo, Vin\u00edcius Mingotti e Cauly marcaram os gols do Tricolor.<\/p>\n<p>O Bahia volta para campo no pr\u00f3ximo domingo, quando visita o l\u00edder Botafogo, pela 21\u00aa rodada do Brasileir\u00e3o. At\u00e9 l\u00e1, Renato Paiva tem a semana livre para preparar a equipe.<\/p>\n<p>A partida contra o Glorioso est\u00e1 marcada para as 16h (de Bras\u00edlia), no Est\u00e1dio Nilton Santos, o Engenh\u00e3o.<\/p>\n","protected":false},"excerpt":{"rendered":"<p>O Bahia venceu o Bragantino por 4 a 0 em jogo disputado na tarde deste domingo na Arena Fonte Nova, v\u00e1lido pela 20\u00aa rodada da S\u00e9rie A. Rezende, Vitor Hugo, Vin\u00edcius Mingotti e Cauly marcaram os gols do Tricolor. O Bahia volta para campo no pr\u00f3ximo domingo, quando visita o l\u00edder Botafogo, pela 21\u00aa rodada [&hellip;]<\/p>\n","protected":false},"author":3,"featured_media":6246,"comment_status":"closed","ping_status":"closed","sticky":false,"template":"","format":"standard","meta":{"_links_to":"","_links_to_target":""},"categories":[2],"tags":[],"_links":{"self":[{"href":"https:\/\/www.correiodascidades.com.br\/v1\/wp-json\/wp\/v2\/posts\/6245"}],"collection":[{"href":"https:\/\/www.correiodascidades.com.br\/v1\/wp-json\/wp\/v2\/posts"}],"about":[{"href":"https:\/\/www.correiodascidades.com.br\/v1\/wp-json\/wp\/v2\/types\/post"}],"author":[{"embeddable":true,"href":"https:\/\/www.correiodascidades.com.br\/v1\/wp-json\/wp\/v2\/users\/3"}],"replies":[{"embeddable":true,"href":"https:\/\/www.correiodascidades.com.br\/v1\/wp-json\/wp\/v2\/comments?post=6245"}],"version-history":[{"count":1,"href":"https:\/\/www.correiodascidades.com.br\/v1\/wp-json\/wp\/v2\/posts\/6245\/revisions"}],"predecessor-version":[{"id":6247,"href":"https:\/\/www.correiodascidades.com.br\/v1\/wp-json\/wp\/v2\/posts\/6245\/revisions\/6247"}],"wp:featuredmedia":[{"embeddable":true,"href":"https:\/\/www.correiodascidades.com.br\/v1\/wp-json\/wp\/v2\/media\/6246"}],"wp:attachment":[{"href":"https:\/\/www.correiodascidades.com.br\/v1\/wp-json\/wp\/v2\/media?parent=6245"}],"wp:term":[{"taxonomy":"category","embeddable":true,"href":"https:\/\/www.correiodascidades.com.br\/v1\/wp-json\/wp\/v2\/categories?post=6245"},{"taxonomy":"post_tag","embeddable":true,"href":"https:\/\/www.correiodascidades.com.br\/v1\/wp-json\/wp\/v2\/tags?post=6245"}],"curies":[{"name":"wp","href":"https:\/\/api.w.org\/{rel}","templated":true}]}}