{"id":6265,"date":"2023-08-22T08:12:04","date_gmt":"2023-08-22T11:12:04","guid":{"rendered":"https:\/\/www.correiodascidades.com.br\/v1\/?p=6265"},"modified":"2023-08-22T08:14:05","modified_gmt":"2023-08-22T11:14:05","slug":"mais-um-onibus-em-ilheus-coloca-em-desespero-a-populacao","status":"publish","type":"post","link":"https:\/\/www.correiodascidades.com.br\/v1\/2023\/08\/22\/mais-um-onibus-em-ilheus-coloca-em-desespero-a-populacao\/","title":{"rendered":"Mais um \u00f4nibus em Ilh\u00e9us coloca em desespero a popula\u00e7\u00e3o"},"content":{"rendered":"<p><img loading=\"lazy\" class=\"\" src=\"https:\/\/www.correiodascidades.com.br\/v1\/wp-content\/uploads\/2023\/08\/10b31858-78c5-4e4f-b090-f112dde52858-urucutuca-1.jpeg\" width=\"506\" height=\"1124\" \/><\/p>\n<p>Foi na noite desta segunda feira, no povoado de Urucutuca, Zona distrital da cidade, localizada no lado Norte do munic\u00edpio. De acordo com relatos de pessoas que estavam no coletivo, eles pegaram o referido carro no centro da cidade e ao chegarem no local de destino o carro teria largado um equipamento da parte mec\u00e2nica e bateu em um muro, quase invadindo uma casa. O momento foi de p\u00e2nico total, v\u00eddeos foram gravados dando conta do epis\u00f3dio.<\/p>\n<p>Esses e outros e outros desesperos assombrosos o povo n\u00e3o para de passar e o problema n\u00e3o se resolve! Vai resolver no dia que morrer metade da popula\u00e7\u00e3o que estiver nos referidos transportes ou algu\u00e9m de nome importante na cidade envolvido em algum acidente doloso causado pelas empresas.<\/p>\n<p>Isso n\u00e3o vai demorar, podem aguardar, n\u00e3o \u00e9 profecia nem praga e sim o quadro que se desenha a cada dia, e sempre visto e respondido com deboche<\/p>\n","protected":false},"excerpt":{"rendered":"<p>Foi na noite desta segunda feira, no povoado de Urucutuca, Zona distrital da cidade, localizada no lado Norte do munic\u00edpio. De acordo com relatos de pessoas que estavam no coletivo, eles pegaram o referido carro no centro da cidade e ao chegarem no local de destino o carro teria largado um equipamento da parte mec\u00e2nica [&hellip;]<\/p>\n","protected":false},"author":3,"featured_media":6268,"comment_status":"closed","ping_status":"closed","sticky":false,"template":"","format":"standard","meta":{"_links_to":"","_links_to_target":""},"categories":[11,2],"tags":[],"_links":{"self":[{"href":"https:\/\/www.correiodascidades.com.br\/v1\/wp-json\/wp\/v2\/posts\/6265"}],"collection":[{"href":"https:\/\/www.correiodascidades.com.br\/v1\/wp-json\/wp\/v2\/posts"}],"about":[{"href":"https:\/\/www.correiodascidades.com.br\/v1\/wp-json\/wp\/v2\/types\/post"}],"author":[{"embeddable":true,"href":"https:\/\/www.correiodascidades.com.br\/v1\/wp-json\/wp\/v2\/users\/3"}],"replies":[{"embeddable":true,"href":"https:\/\/www.correiodascidades.com.br\/v1\/wp-json\/wp\/v2\/comments?post=6265"}],"version-history":[{"count":1,"href":"https:\/\/www.correiodascidades.com.br\/v1\/wp-json\/wp\/v2\/posts\/6265\/revisions"}],"predecessor-version":[{"id":6267,"href":"https:\/\/www.correiodascidades.com.br\/v1\/wp-json\/wp\/v2\/posts\/6265\/revisions\/6267"}],"wp:featuredmedia":[{"embeddable":true,"href":"https:\/\/www.correiodascidades.com.br\/v1\/wp-json\/wp\/v2\/media\/6268"}],"wp:attachment":[{"href":"https:\/\/www.correiodascidades.com.br\/v1\/wp-json\/wp\/v2\/media?parent=6265"}],"wp:term":[{"taxonomy":"category","embeddable":true,"href":"https:\/\/www.correiodascidades.com.br\/v1\/wp-json\/wp\/v2\/categories?post=6265"},{"taxonomy":"post_tag","embeddable":true,"href":"https:\/\/www.correiodascidades.com.br\/v1\/wp-json\/wp\/v2\/tags?post=6265"}],"curies":[{"name":"wp","href":"https:\/\/api.w.org\/{rel}","templated":true}]}}