{"id":6292,"date":"2023-08-24T18:16:04","date_gmt":"2023-08-24T21:16:04","guid":{"rendered":"https:\/\/www.correiodascidades.com.br\/v1\/?p=6292"},"modified":"2023-08-24T18:16:04","modified_gmt":"2023-08-24T21:16:04","slug":"vereador-augustao-propos-e-realizou-secao-para-discutir-a-decadencia-do-porto-de-ilheus","status":"publish","type":"post","link":"https:\/\/www.correiodascidades.com.br\/v1\/2023\/08\/24\/vereador-augustao-propos-e-realizou-secao-para-discutir-a-decadencia-do-porto-de-ilheus\/","title":{"rendered":"Vereador August\u00e3o prop\u00f4s e realizou se\u00e7\u00e3o para discutir a decad\u00eancia do Porto de ilh\u00e9us"},"content":{"rendered":"<p><img loading=\"lazy\" class=\"\" src=\"https:\/\/www.correiodascidades.com.br\/v1\/wp-content\/uploads\/2023\/08\/d0f558bd-5338-43f3-a823-5111e6fc05e4-reuniao.jpg\" width=\"588\" height=\"442\" \/><\/p>\n<p>O tema foi sobre mais investimentos<br \/>\ne movimenta\u00e7\u00e3o e cargas no Porto de Ilh\u00e9us<\/p>\n<p>A se\u00e7\u00e3o teve a participa\u00e7\u00e3o dos Vereadores Cl\u00e1udio Magalh\u00e3es, Ivete, Paulo Carqueja, Baiano do Amendoim, August\u00e3o, Dr Ademir, Professora Enilda, Ivo Evangelista a se\u00e7\u00e3o al\u00e9m de fazer parte da ordem do dia, era uma se\u00e7\u00e3o especial. os demais vereadores faltosos demonstraram om esse gesto que n\u00e3o est\u00e3o nem ai para o referido debate e que o bom era faltar. se n\u00e3o bastasse apenas dois dias de trabalho em uma semana que tem oito dias, tem gente que consegue faltar.<\/p>\n<p>O Porto de Ilh\u00e9us atravessa um dos seus momentos mais cr\u00edticos da hist\u00f3ria e corre riscos de ser fechado por falta de investimentos, movimenta\u00e7\u00e3o de cargas, dragagem e moderniza\u00e7\u00e3o. Para discutir sobre o assunto e cobrar do poder p\u00fablico municipal, estadual e federal mais apoio para o terminal portu\u00e1rio, a C\u00e2mara Municipal de Ilh\u00e9us realizou nesta quarta-feira(23) um sess\u00e3o especial proposta pelo vereador August\u00e3o e aprovada por unanimidade, com o tema \u201cMovimenta\u00e7\u00e3o de cargas no porto e est\u00edmulo a cabotagem \u2013 processo log\u00edstico, maior competividade e impacto na economia do munic\u00edpio\u201d.<\/p>\n<p>Durante a sess\u00e3o, o vereador August\u00e3o fez um relato da grave situa\u00e7\u00e3o em que atravessa o Porto de Ilh\u00e9us, da falta da falta de investimentos para que esse terminal volte a ser um importante equipamento de desenvolvimento e gera\u00e7\u00e3o de emprego e renda no munic\u00edpio. O parlamentar tamb\u00e9m lamentou a aus\u00eancia nas discuss\u00f5es de setores importantes ligados ao porto, como a ger\u00eancia local da CODEBA, representantes da Prefeitura e dos governos estadual e federal, num importante momento de buscarem juntos solu\u00e7\u00f5es para o soerguimento do terminal portu\u00e1rio.<!--more--><\/p>\n<p>Os participantes foram un\u00e2nimes em relatar os graves problemas enfrentados pelo Porto de Ilh\u00e9us, em especial a necessidade da dragagem, buscar de novas mercadorias, moderniza\u00e7\u00e3o e investimentos. Alguns chegaram a levantar a possibilidade de estar havendo um movimento orquestrado para inviabilizar e fechar o Porto de Ilh\u00e9us. Como uma das decis\u00f5es ficou definida a cria\u00e7\u00e3o de uma comiss\u00e3o formada pelos mais diversos segmentos para buscar uma audi\u00eancia com os governos estadual e federal para cobrar esses investimentos no porto, que tanto contribuiu com o desenvolvimento da Bahia e do Brasil.<\/p>\n<p>PARTICIPANTES- Participaram da sess\u00e3o especial o representante da Marinha do Brasil, Comandante Mathias, o presidente da Associa\u00e7\u00e3o Comercial de Ilh\u00e9us, Paulo S\u00e9rgio C\u00e9o, o presidente da Col\u00f4nia de Pesca Z-34, Reynaldo Oliveira, o diretor da Intermar\u00edtima, Regiomar Costa, o presidente do Sindicato dos Conferentes de Cargas e Descargas do Porto de Ilh\u00e9us, Augusto C\u00e9sar, o presidente do Sindicato dos Estivadores, Geraldo Assun\u00e7\u00e3o, juntamente com o ex-presidente Emerson Tavares.<\/p>\n","protected":false},"excerpt":{"rendered":"<p>O tema foi sobre mais investimentos e movimenta\u00e7\u00e3o e cargas no Porto de Ilh\u00e9us A se\u00e7\u00e3o teve a participa\u00e7\u00e3o dos Vereadores Cl\u00e1udio Magalh\u00e3es, Ivete, Paulo Carqueja, Baiano do Amendoim, August\u00e3o, Dr Ademir, Professora Enilda, Ivo Evangelista a se\u00e7\u00e3o al\u00e9m de fazer parte da ordem do dia, era uma se\u00e7\u00e3o especial. os demais vereadores faltosos demonstraram [&hellip;]<\/p>\n","protected":false},"author":3,"featured_media":6294,"comment_status":"closed","ping_status":"closed","sticky":false,"template":"","format":"standard","meta":{"_links_to":"","_links_to_target":""},"categories":[2],"tags":[],"_links":{"self":[{"href":"https:\/\/www.correiodascidades.com.br\/v1\/wp-json\/wp\/v2\/posts\/6292"}],"collection":[{"href":"https:\/\/www.correiodascidades.com.br\/v1\/wp-json\/wp\/v2\/posts"}],"about":[{"href":"https:\/\/www.correiodascidades.com.br\/v1\/wp-json\/wp\/v2\/types\/post"}],"author":[{"embeddable":true,"href":"https:\/\/www.correiodascidades.com.br\/v1\/wp-json\/wp\/v2\/users\/3"}],"replies":[{"embeddable":true,"href":"https:\/\/www.correiodascidades.com.br\/v1\/wp-json\/wp\/v2\/comments?post=6292"}],"version-history":[{"count":1,"href":"https:\/\/www.correiodascidades.com.br\/v1\/wp-json\/wp\/v2\/posts\/6292\/revisions"}],"predecessor-version":[{"id":6295,"href":"https:\/\/www.correiodascidades.com.br\/v1\/wp-json\/wp\/v2\/posts\/6292\/revisions\/6295"}],"wp:featuredmedia":[{"embeddable":true,"href":"https:\/\/www.correiodascidades.com.br\/v1\/wp-json\/wp\/v2\/media\/6294"}],"wp:attachment":[{"href":"https:\/\/www.correiodascidades.com.br\/v1\/wp-json\/wp\/v2\/media?parent=6292"}],"wp:term":[{"taxonomy":"category","embeddable":true,"href":"https:\/\/www.correiodascidades.com.br\/v1\/wp-json\/wp\/v2\/categories?post=6292"},{"taxonomy":"post_tag","embeddable":true,"href":"https:\/\/www.correiodascidades.com.br\/v1\/wp-json\/wp\/v2\/tags?post=6292"}],"curies":[{"name":"wp","href":"https:\/\/api.w.org\/{rel}","templated":true}]}}