{"id":6321,"date":"2023-08-28T04:09:18","date_gmt":"2023-08-28T07:09:18","guid":{"rendered":"https:\/\/www.correiodascidades.com.br\/v1\/?p=6321"},"modified":"2023-08-28T04:09:18","modified_gmt":"2023-08-28T07:09:18","slug":"grave-acidente-e-registrado-na-cambauba-entre-amargosa-e-mutuipe","status":"publish","type":"post","link":"https:\/\/www.correiodascidades.com.br\/v1\/2023\/08\/28\/grave-acidente-e-registrado-na-cambauba-entre-amargosa-e-mutuipe\/","title":{"rendered":"Grave acidente \u00e9 registrado na Camba\u00faba, entre Amargosa e Mutu\u00edpe"},"content":{"rendered":"<p><img src=\"https:\/\/www.correiodascidades.com.br\/v1\/wp-content\/uploads\/2023\/08\/Screenshot_20230827_200148_Samsung-Internet.jpeg\" \/><\/p>\n<p>Um grave acidente foi registrado na trade deste domingo (27), na BA-540, entre Amargosa e Mutu\u00edpe.<\/p>\n<p>Informa\u00e7\u00f5es do Rec\u00f4ncavo Not\u00edcias, indicam que a perda de controle ocorreu na regi\u00e3o da Camba\u00faba.<\/p>\n<p>A v\u00edtima foi socorrida pelo\u00a0<strong><a href=\"https:\/\/midiabahia.com.br\/samu-encontra-policlinica-fechada-em-feira-de-santana\/\" data-type=\"post\" data-id=\"8777333\">Servi\u00e7o de Atendimento M\u00f3vel de Urg\u00eancia<\/a>\u00a0<\/strong>(SAMU), sendo levado ao Hospital Municipal<\/p>\n<p>O estado de sa\u00fade era considerado grave no momento do socorro.<\/p>\n<p>A causa do acidente \u00e9 desconhecida.<\/p>\n<figure class=\"wp-block-embed is-type-rich is-provider-instagram wp-block-embed-instagram\">\n<div class=\"wp-block-embed__wrapper\"><\/div>\n<\/figure>\n","protected":false},"excerpt":{"rendered":"<p>Um grave acidente foi registrado na trade deste domingo (27), na BA-540, entre Amargosa e Mutu\u00edpe. Informa\u00e7\u00f5es do Rec\u00f4ncavo Not\u00edcias, indicam que a perda de controle ocorreu na regi\u00e3o da Camba\u00faba. A v\u00edtima foi socorrida pelo\u00a0Servi\u00e7o de Atendimento M\u00f3vel de Urg\u00eancia\u00a0(SAMU), sendo levado ao Hospital Municipal O estado de sa\u00fade era considerado grave no momento [&hellip;]<\/p>\n","protected":false},"author":3,"featured_media":6323,"comment_status":"closed","ping_status":"closed","sticky":false,"template":"","format":"standard","meta":{"_links_to":"","_links_to_target":""},"categories":[2],"tags":[],"_links":{"self":[{"href":"https:\/\/www.correiodascidades.com.br\/v1\/wp-json\/wp\/v2\/posts\/6321"}],"collection":[{"href":"https:\/\/www.correiodascidades.com.br\/v1\/wp-json\/wp\/v2\/posts"}],"about":[{"href":"https:\/\/www.correiodascidades.com.br\/v1\/wp-json\/wp\/v2\/types\/post"}],"author":[{"embeddable":true,"href":"https:\/\/www.correiodascidades.com.br\/v1\/wp-json\/wp\/v2\/users\/3"}],"replies":[{"embeddable":true,"href":"https:\/\/www.correiodascidades.com.br\/v1\/wp-json\/wp\/v2\/comments?post=6321"}],"version-history":[{"count":1,"href":"https:\/\/www.correiodascidades.com.br\/v1\/wp-json\/wp\/v2\/posts\/6321\/revisions"}],"predecessor-version":[{"id":6324,"href":"https:\/\/www.correiodascidades.com.br\/v1\/wp-json\/wp\/v2\/posts\/6321\/revisions\/6324"}],"wp:featuredmedia":[{"embeddable":true,"href":"https:\/\/www.correiodascidades.com.br\/v1\/wp-json\/wp\/v2\/media\/6323"}],"wp:attachment":[{"href":"https:\/\/www.correiodascidades.com.br\/v1\/wp-json\/wp\/v2\/media?parent=6321"}],"wp:term":[{"taxonomy":"category","embeddable":true,"href":"https:\/\/www.correiodascidades.com.br\/v1\/wp-json\/wp\/v2\/categories?post=6321"},{"taxonomy":"post_tag","embeddable":true,"href":"https:\/\/www.correiodascidades.com.br\/v1\/wp-json\/wp\/v2\/tags?post=6321"}],"curies":[{"name":"wp","href":"https:\/\/api.w.org\/{rel}","templated":true}]}}