{"id":6325,"date":"2023-08-28T04:13:34","date_gmt":"2023-08-28T07:13:34","guid":{"rendered":"https:\/\/www.correiodascidades.com.br\/v1\/?p=6325"},"modified":"2023-08-28T04:13:34","modified_gmt":"2023-08-28T07:13:34","slug":"barreiras-fica-encoberta-de-poeira-durante-ventania-neste-sabado-26","status":"publish","type":"post","link":"https:\/\/www.correiodascidades.com.br\/v1\/2023\/08\/28\/barreiras-fica-encoberta-de-poeira-durante-ventania-neste-sabado-26\/","title":{"rendered":"Barreiras fica encoberta de poeira durante ventania neste s\u00e1bado (26)"},"content":{"rendered":"<p><img src=\"https:\/\/www.correiodascidades.com.br\/v1\/wp-content\/uploads\/2023\/08\/barreiras.jpg\" \/><\/p>\n<p>O munic\u00edpio de Barreiras, no oeste da Bahia, foi atingido por uma forte ventania deixando tudo coberto de poeira, na tarde deste s\u00e1bado (26). O fen\u00f4meno deixou as vias p\u00fablicas com baixa visibilidade, gerando lentid\u00e3o no tr\u00e2nsito.<\/p>\n<p>Na BR-135 houve interrup\u00e7\u00e3o de tr\u00e1fego por algum tempo devido a queda de uma \u00e1rvore. As informa\u00e7\u00f5es s\u00e3o do Informe Baiano.<\/p>\n<p>&nbsp;<\/p>\n","protected":false},"excerpt":{"rendered":"<p>O munic\u00edpio de Barreiras, no oeste da Bahia, foi atingido por uma forte ventania deixando tudo coberto de poeira, na tarde deste s\u00e1bado (26). O fen\u00f4meno deixou as vias p\u00fablicas com baixa visibilidade, gerando lentid\u00e3o no tr\u00e2nsito. Na BR-135 houve interrup\u00e7\u00e3o de tr\u00e1fego por algum tempo devido a queda de uma \u00e1rvore. As informa\u00e7\u00f5es s\u00e3o [&hellip;]<\/p>\n","protected":false},"author":3,"featured_media":6326,"comment_status":"closed","ping_status":"closed","sticky":false,"template":"","format":"standard","meta":{"_links_to":"","_links_to_target":""},"categories":[2],"tags":[],"_links":{"self":[{"href":"https:\/\/www.correiodascidades.com.br\/v1\/wp-json\/wp\/v2\/posts\/6325"}],"collection":[{"href":"https:\/\/www.correiodascidades.com.br\/v1\/wp-json\/wp\/v2\/posts"}],"about":[{"href":"https:\/\/www.correiodascidades.com.br\/v1\/wp-json\/wp\/v2\/types\/post"}],"author":[{"embeddable":true,"href":"https:\/\/www.correiodascidades.com.br\/v1\/wp-json\/wp\/v2\/users\/3"}],"replies":[{"embeddable":true,"href":"https:\/\/www.correiodascidades.com.br\/v1\/wp-json\/wp\/v2\/comments?post=6325"}],"version-history":[{"count":1,"href":"https:\/\/www.correiodascidades.com.br\/v1\/wp-json\/wp\/v2\/posts\/6325\/revisions"}],"predecessor-version":[{"id":6327,"href":"https:\/\/www.correiodascidades.com.br\/v1\/wp-json\/wp\/v2\/posts\/6325\/revisions\/6327"}],"wp:featuredmedia":[{"embeddable":true,"href":"https:\/\/www.correiodascidades.com.br\/v1\/wp-json\/wp\/v2\/media\/6326"}],"wp:attachment":[{"href":"https:\/\/www.correiodascidades.com.br\/v1\/wp-json\/wp\/v2\/media?parent=6325"}],"wp:term":[{"taxonomy":"category","embeddable":true,"href":"https:\/\/www.correiodascidades.com.br\/v1\/wp-json\/wp\/v2\/categories?post=6325"},{"taxonomy":"post_tag","embeddable":true,"href":"https:\/\/www.correiodascidades.com.br\/v1\/wp-json\/wp\/v2\/tags?post=6325"}],"curies":[{"name":"wp","href":"https:\/\/api.w.org\/{rel}","templated":true}]}}