{"id":6328,"date":"2023-08-28T04:17:44","date_gmt":"2023-08-28T07:17:44","guid":{"rendered":"https:\/\/www.correiodascidades.com.br\/v1\/?p=6328"},"modified":"2023-08-28T04:17:44","modified_gmt":"2023-08-28T07:17:44","slug":"mp-que-aumenta-salario-minimo-e-amplia-isencao-do-ir-e-aprovada-pelo-senado","status":"publish","type":"post","link":"https:\/\/www.correiodascidades.com.br\/v1\/2023\/08\/28\/mp-que-aumenta-salario-minimo-e-amplia-isencao-do-ir-e-aprovada-pelo-senado\/","title":{"rendered":"MP que aumenta sal\u00e1rio m\u00ednimo e amplia isen\u00e7\u00e3o do IR \u00e9 aprovada pelo Senado"},"content":{"rendered":"<p><img loading=\"lazy\" class=\"\" src=\"https:\/\/www.correiodascidades.com.br\/v1\/wp-content\/uploads\/2023\/08\/senado.foto-rouede-sa-agencia-senado.jpg\" width=\"595\" height=\"356\" \/><\/p>\n<p><span class=\"dropcap \">O <\/span>plen\u00e1rio do Senado aprovou nesta quinta-feira (24), em vota\u00e7\u00e3o simb\u00f3lica, a Medida Provis\u00f3ria (MP) 1.172\/23 que aumenta o sal\u00e1rio m\u00ednimo de R$ 1.302 para R$ 1.320 e amplia a isen\u00e7\u00e3o da tabela do Imposto sobre a Renda das Pessoas F\u00edsicas (IRPF). Agora, o texto segue para san\u00e7\u00e3o presidencial.<\/p>\n<p>O reajuste do sal\u00e1rio m\u00ednimo j\u00e1 estava valendo desde o dia 1\u00ba de maio, quando o presidente Luiz\u00a0In\u00e1cio Lula da Silva assinou a MP. Foi inclu\u00edda ainda nesse texto a amplia\u00e7\u00e3o da isen\u00e7\u00e3o do IRPF. Quem ganha at\u00e9 R$ 2.640 ao m\u00eas n\u00e3o ter\u00e1 que pagar imposto de renda.\u00a0 At\u00e9 ent\u00e3o, a isen\u00e7\u00e3o era para quem recebe at\u00e9 R$ 1.903,98 mensais.<\/p>\n<p>Um destaque do l\u00edder da oposi\u00e7\u00e3o senador Rog\u00e9rio Marinho (PL-RN) queria retirar do texto o artigo que define que a pol\u00edtica de valoriza\u00e7\u00e3o real do sal\u00e1rio m\u00ednimo seja permanente.<\/p>\n<p>O relator da mat\u00e9ria senador Jaques Wagner (PT-BA) rebateu que \u201ctodos os anos com ganho real implica um volume maior de dinheiro no bolso do trabalhador e, portanto, movimenta mais o com\u00e9rcio, movimenta mais a economia brasileira, trazendo prosperidade para todas as fam\u00edlias\u201d.<\/p>\n<p>Ap\u00f3s o debate, o senador Marinho retirou o destaque da pauta reconhecendo que n\u00e3o haveria maioria para mudar o texto.<\/p>\n<p>Segundo a MP aprovada, a valoriza\u00e7\u00e3o do sal\u00e1rio m\u00ednimo ser\u00e1 a soma do \u00edndice da infla\u00e7\u00e3o do ano anterior com o \u00edndice do crescimento real do Produto Interno Bruto (PIB \u2013 soma de todos os bens e servi\u00e7os finais produzidos numa determinada regi\u00e3o) de dois anos anteriores<\/p>\n","protected":false},"excerpt":{"rendered":"<p>O plen\u00e1rio do Senado aprovou nesta quinta-feira (24), em vota\u00e7\u00e3o simb\u00f3lica, a Medida Provis\u00f3ria (MP) 1.172\/23 que aumenta o sal\u00e1rio m\u00ednimo de R$ 1.302 para R$ 1.320 e amplia a isen\u00e7\u00e3o da tabela do Imposto sobre a Renda das Pessoas F\u00edsicas (IRPF). Agora, o texto segue para san\u00e7\u00e3o presidencial. O reajuste do sal\u00e1rio m\u00ednimo j\u00e1 [&hellip;]<\/p>\n","protected":false},"author":3,"featured_media":6329,"comment_status":"closed","ping_status":"closed","sticky":false,"template":"","format":"standard","meta":{"_links_to":"","_links_to_target":""},"categories":[11,2],"tags":[],"_links":{"self":[{"href":"https:\/\/www.correiodascidades.com.br\/v1\/wp-json\/wp\/v2\/posts\/6328"}],"collection":[{"href":"https:\/\/www.correiodascidades.com.br\/v1\/wp-json\/wp\/v2\/posts"}],"about":[{"href":"https:\/\/www.correiodascidades.com.br\/v1\/wp-json\/wp\/v2\/types\/post"}],"author":[{"embeddable":true,"href":"https:\/\/www.correiodascidades.com.br\/v1\/wp-json\/wp\/v2\/users\/3"}],"replies":[{"embeddable":true,"href":"https:\/\/www.correiodascidades.com.br\/v1\/wp-json\/wp\/v2\/comments?post=6328"}],"version-history":[{"count":1,"href":"https:\/\/www.correiodascidades.com.br\/v1\/wp-json\/wp\/v2\/posts\/6328\/revisions"}],"predecessor-version":[{"id":6330,"href":"https:\/\/www.correiodascidades.com.br\/v1\/wp-json\/wp\/v2\/posts\/6328\/revisions\/6330"}],"wp:featuredmedia":[{"embeddable":true,"href":"https:\/\/www.correiodascidades.com.br\/v1\/wp-json\/wp\/v2\/media\/6329"}],"wp:attachment":[{"href":"https:\/\/www.correiodascidades.com.br\/v1\/wp-json\/wp\/v2\/media?parent=6328"}],"wp:term":[{"taxonomy":"category","embeddable":true,"href":"https:\/\/www.correiodascidades.com.br\/v1\/wp-json\/wp\/v2\/categories?post=6328"},{"taxonomy":"post_tag","embeddable":true,"href":"https:\/\/www.correiodascidades.com.br\/v1\/wp-json\/wp\/v2\/tags?post=6328"}],"curies":[{"name":"wp","href":"https:\/\/api.w.org\/{rel}","templated":true}]}}