{"id":6331,"date":"2023-08-28T04:28:42","date_gmt":"2023-08-28T07:28:42","guid":{"rendered":"https:\/\/www.correiodascidades.com.br\/v1\/?p=6331"},"modified":"2023-08-28T04:28:42","modified_gmt":"2023-08-28T07:28:42","slug":"apos-faustao-receber-transplante-de-coracao-em-menos-de-7-dias-de-espera-orgao-oficial-esclarece-polemica-historia-por-anna-bracarence-6h","status":"publish","type":"post","link":"https:\/\/www.correiodascidades.com.br\/v1\/2023\/08\/28\/apos-faustao-receber-transplante-de-coracao-em-menos-de-7-dias-de-espera-orgao-oficial-esclarece-polemica-historia-por-anna-bracarence-6h\/","title":{"rendered":"Ap\u00f3s Faust\u00e3o receber transplante de cora\u00e7\u00e3o em menos de 7 dias de espera, \u00f3rg\u00e3o oficial esclarece pol\u00eamica Hist\u00f3ria por Anna Bracarence \u2022 6h"},"content":{"rendered":"<p><img loading=\"lazy\" class=\"\" src=\"https:\/\/www.correiodascidades.com.br\/v1\/wp-content\/uploads\/2023\/08\/fausto-silva-1-1024x576-skxx90dyfs52.jpg\" width=\"544\" height=\"306\" \/><\/p>\n<p>A velocidade na conquista do \u00d3rg\u00e3o.<\/p>\n<p><iframe loading=\"lazy\" title=\"Faust\u00e3o fez transplante de cora\u00e7\u00e3o neste domingo (27) | CNN 360\u00ba\" width=\"500\" height=\"281\" src=\"https:\/\/www.youtube.com\/embed\/_XjKDpfPPjw?feature=oembed\" frameborder=\"0\" allow=\"accelerometer; autoplay; clipboard-write; encrypted-media; gyroscope; picture-in-picture; web-share\" allowfullscreen><\/iframe><\/p>\n<p>Conforme informa\u00e7\u00f5es, o quadro de sa\u00fade do comunicador era &#8220;muito grave&#8221;, o que permitiu prioriza\u00e7\u00e3o<\/p>\n<p data-t=\"{&quot;n&quot;:&quot;blueLinks&quot;}\">Ap\u00f3s apresentar estado grave de sa\u00fade, o comunicador\u00a0<strong><a href=\"https:\/\/br.bolavip.com\/assunto\/tv-e-famosos\" target=\"_blank\" rel=\"noreferrer noopener\" data-t=\"{&quot;n&quot;:&quot;destination&quot;,&quot;t&quot;:13,&quot;b&quot;:1,&quot;c.t&quot;:7}\">Fausto Silva<\/a><\/strong>, mais conhecido como<strong>\u00a0Faust\u00e3o<\/strong>,\u00a0entrou no bloco cir\u00fargico para receber um novo cora\u00e7\u00e3o. O procedimento aconteceu neste domingo (27), por\u00e9m, o apresentador ficou apenas sete dias na fila de espera pela doa\u00e7\u00e3o do \u00f3rg\u00e3o.<\/p>\n<p data-t=\"{&quot;n&quot;:&quot;blueLinks&quot;}\">Diante do curto per\u00edodo de espera, o Minist\u00e9rio da Sa\u00fade publicou um comunicado prestando esclarecimentos a respeito do transplante de cora\u00e7\u00e3o. Conforme informa\u00e7\u00f5es do \u00f3rg\u00e3o, o quadro de sa\u00fade do ex-funcion\u00e1rio da Rede Globo era \u201c<em>muito grave<\/em>\u201c, o que permitiu prioriza\u00e7\u00e3o na Central de Transplantes.<\/p>\n<p data-t=\"{&quot;n&quot;:&quot;blueLinks&quot;}\">Segundo o texto, h\u00e1 uma lista de crit\u00e9rios que define a classifica\u00e7\u00e3o da fila.\u00a0\u201c<em>[Fausto Silva] foi contemplado com um transplante card\u00edaco, neste caso, tamb\u00e9m priorizado na fila de espera em raz\u00e3o de seu estado muito grave de sa\u00fade. Ele recebeu um cora\u00e7\u00e3o ap\u00f3s constatada a compatibilidade necess\u00e1ria\u201d<\/em>, explicou a nota.<\/p>\n<div class=\"div-related-embed\" data-content-embed-type=\"auto\"><\/div>\n<div class=\"article-clear-div\"><\/div>\n<div class=\"article-image-slot image-slot-placeholder\" data-image-href=\"https:\/\/www.msn.com\/pt-br\/noticias\/brasil\/ap%C3%B3s-faust%C3%A3o-receber-transplante-de-cora%C3%A7%C3%A3o-em-menos-de-7-dias-de-espera-%C3%B3rg%C3%A3o-oficial-esclarece-pol%C3%AAmica\/ar-AA1fRivN?ocid=msedgntp&amp;cvid=2216a47eda8c4b858781e2bbfe64c96d&amp;ei=16&amp;fullscreen=true#image=1\" data-doc-id=\"cms\/api\/amp\/image\/AA1fRbEw\" data-reset-char-count=\"true\" data-rendered=\"true\">\n<div class=\"article-image-container \">\n<div><\/div>\n<p><a class=\"article-image-height-wrapper  article-image-height-wrapper-new\" href=\"https:\/\/www.msn.com\/pt-br\/noticias\/brasil\/ap%C3%B3s-faust%C3%A3o-receber-transplante-de-cora%C3%A7%C3%A3o-em-menos-de-7-dias-de-espera-%C3%B3rg%C3%A3o-oficial-esclarece-pol%C3%AAmica\/ar-AA1fRivN?ocid=msedgntp&amp;cvid=2216a47eda8c4b858781e2bbfe64c96d&amp;ei=16&amp;fullscreen=true#image=1\" target=\"_self\" rel=\"noopener\"><img class=\"article-image article-image-ux-impr  article-image-new\" tabindex=\"0\" title=\"Ap\u00f3s Faust\u00e3o receber transplante de cora\u00e7\u00e3o em menos de 7 dias de espera, \u00f3rg\u00e3o oficial esclarece pol\u00eamica\" src=\"https:\/\/img-s-msn-com.akamaized.net\/tenant\/amp\/entityid\/AA1fRbEw.img?w=534&amp;h=329&amp;m=6&amp;x=78&amp;y=7&amp;s=34&amp;d=34\" alt=\"Ap\u00f3s Faust\u00e3o receber transplante de cora\u00e7\u00e3o em menos de 7 dias de espera, \u00f3rg\u00e3o oficial esclarece pol\u00eamica\" \/><\/a><\/p>\n<div class=\"image-caption-container image-caption-container-ux-impr content-small-text  \"><span class=\"image-caption\">Ap\u00f3s Faust\u00e3o receber transplante de cora\u00e7\u00e3o em menos de 7 dias de espera, \u00f3rg\u00e3o oficial esclarece pol\u00eamica<\/span><span class=\"image-attribution image-attribution-ux-impr\">\u00a9\u00a0Fornecido por Bolavip Brasil<\/span><\/div>\n<\/div>\n<\/div>\n<p data-t=\"{&quot;n&quot;:&quot;blueLinks&quot;}\">O refor\u00e7ou que o processo \u00e9 o mesmo para todos os pacientes, n\u00e3o apenas para\u00a0<strong><a href=\"https:\/\/br.bolavip.com\/assunto\/tv-e-famosos\" target=\"_blank\" rel=\"noreferrer noopener\" data-t=\"{&quot;n&quot;:&quot;destination&quot;,&quot;t&quot;:13,&quot;b&quot;:1,&quot;c.t&quot;:7}\">Faust\u00e3o<\/a>.<\/strong>\u00a0\u201c<em>Pacientes em estado cr\u00edtico s\u00e3o atendidos com prioridade, em raz\u00e3o de sua condi\u00e7\u00e3o cl\u00ednica. [\u2026] Por meio do SUS, recebem assist\u00eancia integral, equ\u00e2nime, universal e gratuita, incluindo exames preparat\u00f3rios, cirurgia, acompanhamento e medicamentos p\u00f3s-transplante<\/em>\u201c, finalizou.<\/p>\n","protected":false},"excerpt":{"rendered":"<p>A velocidade na conquista do \u00d3rg\u00e3o. Conforme informa\u00e7\u00f5es, o quadro de sa\u00fade do comunicador era &#8220;muito grave&#8221;, o que permitiu prioriza\u00e7\u00e3o Ap\u00f3s apresentar estado grave de sa\u00fade, o comunicador\u00a0Fausto Silva, mais conhecido como\u00a0Faust\u00e3o,\u00a0entrou no bloco cir\u00fargico para receber um novo cora\u00e7\u00e3o. O procedimento aconteceu neste domingo (27), por\u00e9m, o apresentador ficou apenas sete dias na [&hellip;]<\/p>\n","protected":false},"author":3,"featured_media":6332,"comment_status":"closed","ping_status":"closed","sticky":false,"template":"","format":"standard","meta":{"_links_to":"","_links_to_target":""},"categories":[11,2],"tags":[],"_links":{"self":[{"href":"https:\/\/www.correiodascidades.com.br\/v1\/wp-json\/wp\/v2\/posts\/6331"}],"collection":[{"href":"https:\/\/www.correiodascidades.com.br\/v1\/wp-json\/wp\/v2\/posts"}],"about":[{"href":"https:\/\/www.correiodascidades.com.br\/v1\/wp-json\/wp\/v2\/types\/post"}],"author":[{"embeddable":true,"href":"https:\/\/www.correiodascidades.com.br\/v1\/wp-json\/wp\/v2\/users\/3"}],"replies":[{"embeddable":true,"href":"https:\/\/www.correiodascidades.com.br\/v1\/wp-json\/wp\/v2\/comments?post=6331"}],"version-history":[{"count":1,"href":"https:\/\/www.correiodascidades.com.br\/v1\/wp-json\/wp\/v2\/posts\/6331\/revisions"}],"predecessor-version":[{"id":6333,"href":"https:\/\/www.correiodascidades.com.br\/v1\/wp-json\/wp\/v2\/posts\/6331\/revisions\/6333"}],"wp:featuredmedia":[{"embeddable":true,"href":"https:\/\/www.correiodascidades.com.br\/v1\/wp-json\/wp\/v2\/media\/6332"}],"wp:attachment":[{"href":"https:\/\/www.correiodascidades.com.br\/v1\/wp-json\/wp\/v2\/media?parent=6331"}],"wp:term":[{"taxonomy":"category","embeddable":true,"href":"https:\/\/www.correiodascidades.com.br\/v1\/wp-json\/wp\/v2\/categories?post=6331"},{"taxonomy":"post_tag","embeddable":true,"href":"https:\/\/www.correiodascidades.com.br\/v1\/wp-json\/wp\/v2\/tags?post=6331"}],"curies":[{"name":"wp","href":"https:\/\/api.w.org\/{rel}","templated":true}]}}