{"id":6334,"date":"2023-08-28T04:50:23","date_gmt":"2023-08-28T07:50:23","guid":{"rendered":"https:\/\/www.correiodascidades.com.br\/v1\/?p=6334"},"modified":"2023-08-28T04:50:23","modified_gmt":"2023-08-28T07:50:23","slug":"homem-foi-encontrado-as-margens-da-rodovia-em-itabuna","status":"publish","type":"post","link":"https:\/\/www.correiodascidades.com.br\/v1\/2023\/08\/28\/homem-foi-encontrado-as-margens-da-rodovia-em-itabuna\/","title":{"rendered":"Homem foi encontrado \u00e1s margens da rodovia em Itabuna"},"content":{"rendered":"<p><img loading=\"lazy\" class=\"\" src=\"https:\/\/www.correiodascidades.com.br\/v1\/wp-content\/uploads\/2023\/08\/beef1c19-eb1c-467e-983b-37c2e596c263-atropelo-300x300.jpeg\" width=\"480\" height=\"480\" \/><\/p>\n<p>Corpo de desconhecido encontrado por volta de 1 hora da madrugada desde domingo na BR 101, pr\u00f3ximo ao Posto da Pol\u00edcia Rodovi\u00e1ria Federal em Itabuna.A pol\u00edcia civil e Peritos do DPT efetuaram o levantamento cadav\u00e9rico e a necropsia vai apontar se foi homic\u00eddio ou atropelamento. a policia n\u00e3o revelou detalhes de quem se tratava, o ocorrido foi no trecho que liga Itabuna Itajuipe.<\/p>\n","protected":false},"excerpt":{"rendered":"<p>Corpo de desconhecido encontrado por volta de 1 hora da madrugada desde domingo na BR 101, pr\u00f3ximo ao Posto da Pol\u00edcia Rodovi\u00e1ria Federal em Itabuna.A pol\u00edcia civil e Peritos do DPT efetuaram o levantamento cadav\u00e9rico e a necropsia vai apontar se foi homic\u00eddio ou atropelamento. a policia n\u00e3o revelou detalhes de quem se tratava, o [&hellip;]<\/p>\n","protected":false},"author":3,"featured_media":6335,"comment_status":"closed","ping_status":"closed","sticky":false,"template":"","format":"standard","meta":{"_links_to":"","_links_to_target":""},"categories":[2],"tags":[],"_links":{"self":[{"href":"https:\/\/www.correiodascidades.com.br\/v1\/wp-json\/wp\/v2\/posts\/6334"}],"collection":[{"href":"https:\/\/www.correiodascidades.com.br\/v1\/wp-json\/wp\/v2\/posts"}],"about":[{"href":"https:\/\/www.correiodascidades.com.br\/v1\/wp-json\/wp\/v2\/types\/post"}],"author":[{"embeddable":true,"href":"https:\/\/www.correiodascidades.com.br\/v1\/wp-json\/wp\/v2\/users\/3"}],"replies":[{"embeddable":true,"href":"https:\/\/www.correiodascidades.com.br\/v1\/wp-json\/wp\/v2\/comments?post=6334"}],"version-history":[{"count":1,"href":"https:\/\/www.correiodascidades.com.br\/v1\/wp-json\/wp\/v2\/posts\/6334\/revisions"}],"predecessor-version":[{"id":6336,"href":"https:\/\/www.correiodascidades.com.br\/v1\/wp-json\/wp\/v2\/posts\/6334\/revisions\/6336"}],"wp:featuredmedia":[{"embeddable":true,"href":"https:\/\/www.correiodascidades.com.br\/v1\/wp-json\/wp\/v2\/media\/6335"}],"wp:attachment":[{"href":"https:\/\/www.correiodascidades.com.br\/v1\/wp-json\/wp\/v2\/media?parent=6334"}],"wp:term":[{"taxonomy":"category","embeddable":true,"href":"https:\/\/www.correiodascidades.com.br\/v1\/wp-json\/wp\/v2\/categories?post=6334"},{"taxonomy":"post_tag","embeddable":true,"href":"https:\/\/www.correiodascidades.com.br\/v1\/wp-json\/wp\/v2\/tags?post=6334"}],"curies":[{"name":"wp","href":"https:\/\/api.w.org\/{rel}","templated":true}]}}