{"id":6337,"date":"2023-08-28T07:35:48","date_gmt":"2023-08-28T10:35:48","guid":{"rendered":"https:\/\/www.correiodascidades.com.br\/v1\/?p=6337"},"modified":"2023-08-28T07:56:59","modified_gmt":"2023-08-28T10:56:59","slug":"ilheus-nota-de-pesar-do-correio-das-cidades","status":"publish","type":"post","link":"https:\/\/www.correiodascidades.com.br\/v1\/2023\/08\/28\/ilheus-nota-de-pesar-do-correio-das-cidades\/","title":{"rendered":"ILH\u00c9US: Nota de pesar do Correio das Cidades"},"content":{"rendered":"<p><img loading=\"lazy\" class=\"\" src=\"https:\/\/www.correiodascidades.com.br\/v1\/wp-content\/uploads\/2023\/08\/dc6ee204-ba32-42b6-aabd-902683906112.jpg\" width=\"530\" height=\"534\" \/><\/p>\n<p>Comunicamos ao tempo que lamentamos o falecimento da Senhora Anacery Pereira da Silva. Ana era t\u00e9cnica de enfermagem trabalhou por muitos anos na sa\u00fade de Ilh\u00e9us, foi funcion\u00e1ria do Hospital S\u00e3o Jos\u00e9 onde trabalhou por longos anos na Maternidade. Residente no Alto do Coqueiro, a mesma sempre serviu a popula\u00e7\u00e3o menos assistida quando precisava de atendimento. H\u00e1 \u00e9poca n\u00e3o existia o Samu, e quando precisavam l\u00e1 estava ela pronto para ajudar a todos.<\/p>\n<p>Ana faleceu no Hospital Costa do Cacau, na madrugada deste s\u00e1bado (26) depois de dias lutando em favor de sua vida, o corpo est\u00e1 sendo Velado na Conquista no SAF e o enterro ser\u00e1 logo mais \u00e1s 9h da manh\u00e3 no Cemit\u00e9rio da Barreira.<\/p>\n<p>Nossos sinceros sentimentos a fam\u00edlia, e nossos\u00a0 agradecimentos por tudo que ela fez no passado ao povo do Alto do Coqueiro dentro da sua profiss\u00e3o e cora\u00e7\u00e3o de mulher de bem.<\/p>\n","protected":false},"excerpt":{"rendered":"<p>Comunicamos ao tempo que lamentamos o falecimento da Senhora Anacery Pereira da Silva. Ana era t\u00e9cnica de enfermagem trabalhou por muitos anos na sa\u00fade de Ilh\u00e9us, foi funcion\u00e1ria do Hospital S\u00e3o Jos\u00e9 onde trabalhou por longos anos na Maternidade. Residente no Alto do Coqueiro, a mesma sempre serviu a popula\u00e7\u00e3o menos assistida quando precisava de [&hellip;]<\/p>\n","protected":false},"author":3,"featured_media":6338,"comment_status":"closed","ping_status":"closed","sticky":false,"template":"","format":"standard","meta":{"_links_to":"","_links_to_target":""},"categories":[2],"tags":[],"_links":{"self":[{"href":"https:\/\/www.correiodascidades.com.br\/v1\/wp-json\/wp\/v2\/posts\/6337"}],"collection":[{"href":"https:\/\/www.correiodascidades.com.br\/v1\/wp-json\/wp\/v2\/posts"}],"about":[{"href":"https:\/\/www.correiodascidades.com.br\/v1\/wp-json\/wp\/v2\/types\/post"}],"author":[{"embeddable":true,"href":"https:\/\/www.correiodascidades.com.br\/v1\/wp-json\/wp\/v2\/users\/3"}],"replies":[{"embeddable":true,"href":"https:\/\/www.correiodascidades.com.br\/v1\/wp-json\/wp\/v2\/comments?post=6337"}],"version-history":[{"count":5,"href":"https:\/\/www.correiodascidades.com.br\/v1\/wp-json\/wp\/v2\/posts\/6337\/revisions"}],"predecessor-version":[{"id":6343,"href":"https:\/\/www.correiodascidades.com.br\/v1\/wp-json\/wp\/v2\/posts\/6337\/revisions\/6343"}],"wp:featuredmedia":[{"embeddable":true,"href":"https:\/\/www.correiodascidades.com.br\/v1\/wp-json\/wp\/v2\/media\/6338"}],"wp:attachment":[{"href":"https:\/\/www.correiodascidades.com.br\/v1\/wp-json\/wp\/v2\/media?parent=6337"}],"wp:term":[{"taxonomy":"category","embeddable":true,"href":"https:\/\/www.correiodascidades.com.br\/v1\/wp-json\/wp\/v2\/categories?post=6337"},{"taxonomy":"post_tag","embeddable":true,"href":"https:\/\/www.correiodascidades.com.br\/v1\/wp-json\/wp\/v2\/tags?post=6337"}],"curies":[{"name":"wp","href":"https:\/\/api.w.org\/{rel}","templated":true}]}}