{"id":6346,"date":"2023-08-28T19:42:32","date_gmt":"2023-08-28T22:42:32","guid":{"rendered":"https:\/\/www.correiodascidades.com.br\/v1\/?p=6346"},"modified":"2023-08-28T19:42:32","modified_gmt":"2023-08-28T22:42:32","slug":"chacina-na-bahia-seis-adultos-e-tres-criancas-sao-mortos-em-mata-de-sao-joao","status":"publish","type":"post","link":"https:\/\/www.correiodascidades.com.br\/v1\/2023\/08\/28\/chacina-na-bahia-seis-adultos-e-tres-criancas-sao-mortos-em-mata-de-sao-joao\/","title":{"rendered":"Chacina na Bahia: seis adultos e tr\u00eas crian\u00e7as s\u00e3o mortos em Mata de S\u00e3o Jo\u00e3o."},"content":{"rendered":"<p><img loading=\"lazy\" class=\"\" src=\"https:\/\/www.correiodascidades.com.br\/v1\/wp-content\/uploads\/2023\/08\/policia.matasaojoao2.jpg\" width=\"536\" height=\"303\" \/><\/p>\n<p><span class=\"dropcap \">N<\/span>ove pessoas foram encontradas mortas em duas casas, na manh\u00e3 desta segunda-feira (28), na cidade de Mata de S\u00e3o Jo\u00e3o, na Regi\u00e3o Metropolitana de Salvador. Tr\u00eas crian\u00e7as est\u00e3o entre as v\u00edtimas. Sete corpos estavam carbonizados.<\/p>\n<p>As informa\u00e7\u00f5es s\u00e3o da TV Bahia e do Portal g1. A Pol\u00edcia Militar revelou que dois corpos de mulheres foram encontrados em uma das casas, com ferimentos de tiros, e os outros sete, carbonizados, estavam no outro im\u00f3vel, inclusive as crian\u00e7as. Um adolescente foi resgatado com queimaduras graves da mesma casa onde as pessoas foram achadas carbonizadas. (Leia mais abaixo)<\/p>\n<p>A Secretaria da Seguran\u00e7a P\u00fablica da Bahia (SSP-BA) n\u00e3o divulgou nomes e idades das v\u00edtimas nem informa\u00e7\u00f5es sobre a motiva\u00e7\u00e3o das mortes. O \u00f3rg\u00e3o determinou o refor\u00e7o do policiamento na regi\u00e3o. Uma das hip\u00f3teses \u00e9 de que tenha acontecido uma chacina.<\/p>\n<p>Os dois im\u00f3veis onde os corpos foram encontrados ficam lado a lado, na localidade conhecida como Portal do Lunda, na zona rural da cidade, perto de uma escola municipal.<\/p>\n<p>Um dos peritos que trabalhou no caso, identificado como Tiago Silva, afirmou que \u00e9 poss\u00edvel dizer que uma das pessoas, do sexo masculino, foi morta antes de ser incendiada. Os profissionais n\u00e3o conseguiram confirmar a situa\u00e7\u00e3o das outras pessoas queimadas, por causa do estado dos corpos.<\/p>\n","protected":false},"excerpt":{"rendered":"<p>Nove pessoas foram encontradas mortas em duas casas, na manh\u00e3 desta segunda-feira (28), na cidade de Mata de S\u00e3o Jo\u00e3o, na Regi\u00e3o Metropolitana de Salvador. Tr\u00eas crian\u00e7as est\u00e3o entre as v\u00edtimas. Sete corpos estavam carbonizados. As informa\u00e7\u00f5es s\u00e3o da TV Bahia e do Portal g1. A Pol\u00edcia Militar revelou que dois corpos de mulheres foram [&hellip;]<\/p>\n","protected":false},"author":3,"featured_media":6348,"comment_status":"closed","ping_status":"closed","sticky":false,"template":"","format":"standard","meta":{"_links_to":"","_links_to_target":""},"categories":[2],"tags":[],"_links":{"self":[{"href":"https:\/\/www.correiodascidades.com.br\/v1\/wp-json\/wp\/v2\/posts\/6346"}],"collection":[{"href":"https:\/\/www.correiodascidades.com.br\/v1\/wp-json\/wp\/v2\/posts"}],"about":[{"href":"https:\/\/www.correiodascidades.com.br\/v1\/wp-json\/wp\/v2\/types\/post"}],"author":[{"embeddable":true,"href":"https:\/\/www.correiodascidades.com.br\/v1\/wp-json\/wp\/v2\/users\/3"}],"replies":[{"embeddable":true,"href":"https:\/\/www.correiodascidades.com.br\/v1\/wp-json\/wp\/v2\/comments?post=6346"}],"version-history":[{"count":1,"href":"https:\/\/www.correiodascidades.com.br\/v1\/wp-json\/wp\/v2\/posts\/6346\/revisions"}],"predecessor-version":[{"id":6349,"href":"https:\/\/www.correiodascidades.com.br\/v1\/wp-json\/wp\/v2\/posts\/6346\/revisions\/6349"}],"wp:featuredmedia":[{"embeddable":true,"href":"https:\/\/www.correiodascidades.com.br\/v1\/wp-json\/wp\/v2\/media\/6348"}],"wp:attachment":[{"href":"https:\/\/www.correiodascidades.com.br\/v1\/wp-json\/wp\/v2\/media?parent=6346"}],"wp:term":[{"taxonomy":"category","embeddable":true,"href":"https:\/\/www.correiodascidades.com.br\/v1\/wp-json\/wp\/v2\/categories?post=6346"},{"taxonomy":"post_tag","embeddable":true,"href":"https:\/\/www.correiodascidades.com.br\/v1\/wp-json\/wp\/v2\/tags?post=6346"}],"curies":[{"name":"wp","href":"https:\/\/api.w.org\/{rel}","templated":true}]}}