{"id":6353,"date":"2023-08-28T19:49:33","date_gmt":"2023-08-28T22:49:33","guid":{"rendered":"https:\/\/www.correiodascidades.com.br\/v1\/?p=6353"},"modified":"2023-08-28T19:49:33","modified_gmt":"2023-08-28T22:49:33","slug":"ministro-da-justica-e-recordista-na-mordomia-de-jatinhos-da-fab","status":"publish","type":"post","link":"https:\/\/www.correiodascidades.com.br\/v1\/2023\/08\/28\/ministro-da-justica-e-recordista-na-mordomia-de-jatinhos-da-fab\/","title":{"rendered":"Ministro da Justi\u00e7a \u00e9 recordista na mordomia de jatinhos da FAB"},"content":{"rendered":"<p><img loading=\"lazy\" class=\"\" src=\"https:\/\/www.correiodascidades.com.br\/v1\/wp-content\/uploads\/2023\/08\/Flavio-dino0-foto-bruno-spada-camara-dos-deputados-1.jpg\" width=\"533\" height=\"355\" \/><\/p>\n<p>O ministro da Justi\u00e7a, Fl\u00e1vio Dino (PSB), n\u00e3o se faz de rogado na hora de usar uma das mordomias de quem tem cadeira na Esplanada dos Minist\u00e9rios: usar jatos da For\u00e7a A\u00e9rea Brasileira (FAB) sem d\u00f3 e nem piedade. At\u00e9 semana passada, Dino desfrutou ao menos de 64 voos, segundo n\u00fameros de registros de voo da pr\u00f3pria FAB. A prata fica com o ministro da Integra\u00e7\u00e3o, Waldez Go\u00e9s (PDT), que levantou voo 59 vezes.<\/p>\n<div class=\"notas\">\n<div id=\"Nota-2\" class=\"entry-block ch-nota Nota-2\">\n<h3>Ponte a\u00e9rea<\/h3>\n<\/div>\n<p>A lista segue com o ministro da Educa\u00e7\u00e3o, o petista Camilo Santana, que acionou a FAB por 51 vezes. N\u00edsia Trindade, da Sa\u00fade, fez 50 voos.<\/p>\n<div id=\"Nota-3\" class=\"entry-block ch-nota Nota-3\">\n<h3>Check-in<\/h3>\n<\/div>\n<p>O secret\u00e1rio-geral de Lula, M\u00e1rcio Macedo, segue a lista. Usou jatinhos da FAB em 49 oportunidades. Fernando Haddad, da Fazenda, 47 vezes.<\/p>\n<div id=\"Nota-4\" class=\"entry-block ch-nota Nota-4\">\n<h3>Verde de lado<\/h3>\n<\/div>\n<p>Suposta ativista contra emiss\u00e3o de CO2, a ministra do Meio Ambiente, Marina Silva, deixou a milit\u00e2ncia e viajou 18 vezes de jatinho da FAB.<\/p>\n<div id=\"Nota-5\" class=\"entry-block ch-nota Nota-5\">\n<h3>S\u00f3 uma vez<\/h3>\n<\/div>\n<p>Na lanterninha, com apenas uma solicita\u00e7\u00e3o, ao menos nos registros da FAB, est\u00e1 o ministro da Casa Civil, Rui Costa.<\/p>\n<\/div>\n","protected":false},"excerpt":{"rendered":"<p>O ministro da Justi\u00e7a, Fl\u00e1vio Dino (PSB), n\u00e3o se faz de rogado na hora de usar uma das mordomias de quem tem cadeira na Esplanada dos Minist\u00e9rios: usar jatos da For\u00e7a A\u00e9rea Brasileira (FAB) sem d\u00f3 e nem piedade. At\u00e9 semana passada, Dino desfrutou ao menos de 64 voos, segundo n\u00fameros de registros de voo [&hellip;]<\/p>\n","protected":false},"author":3,"featured_media":6354,"comment_status":"closed","ping_status":"closed","sticky":false,"template":"","format":"standard","meta":{"_links_to":"","_links_to_target":""},"categories":[2],"tags":[],"_links":{"self":[{"href":"https:\/\/www.correiodascidades.com.br\/v1\/wp-json\/wp\/v2\/posts\/6353"}],"collection":[{"href":"https:\/\/www.correiodascidades.com.br\/v1\/wp-json\/wp\/v2\/posts"}],"about":[{"href":"https:\/\/www.correiodascidades.com.br\/v1\/wp-json\/wp\/v2\/types\/post"}],"author":[{"embeddable":true,"href":"https:\/\/www.correiodascidades.com.br\/v1\/wp-json\/wp\/v2\/users\/3"}],"replies":[{"embeddable":true,"href":"https:\/\/www.correiodascidades.com.br\/v1\/wp-json\/wp\/v2\/comments?post=6353"}],"version-history":[{"count":1,"href":"https:\/\/www.correiodascidades.com.br\/v1\/wp-json\/wp\/v2\/posts\/6353\/revisions"}],"predecessor-version":[{"id":6355,"href":"https:\/\/www.correiodascidades.com.br\/v1\/wp-json\/wp\/v2\/posts\/6353\/revisions\/6355"}],"wp:featuredmedia":[{"embeddable":true,"href":"https:\/\/www.correiodascidades.com.br\/v1\/wp-json\/wp\/v2\/media\/6354"}],"wp:attachment":[{"href":"https:\/\/www.correiodascidades.com.br\/v1\/wp-json\/wp\/v2\/media?parent=6353"}],"wp:term":[{"taxonomy":"category","embeddable":true,"href":"https:\/\/www.correiodascidades.com.br\/v1\/wp-json\/wp\/v2\/categories?post=6353"},{"taxonomy":"post_tag","embeddable":true,"href":"https:\/\/www.correiodascidades.com.br\/v1\/wp-json\/wp\/v2\/tags?post=6353"}],"curies":[{"name":"wp","href":"https:\/\/api.w.org\/{rel}","templated":true}]}}