{"id":7876,"date":"2023-11-27T13:24:41","date_gmt":"2023-11-27T16:24:41","guid":{"rendered":"https:\/\/www.correiodascidades.com.br\/v1\/?p=7876"},"modified":"2023-11-27T13:24:41","modified_gmt":"2023-11-27T16:24:41","slug":"colisao-frontal-entre-veiculos-na-br-330-em-ipiau-deixa-um-morto-e-tres-feridos","status":"publish","type":"post","link":"https:\/\/www.correiodascidades.com.br\/v1\/2023\/11\/27\/colisao-frontal-entre-veiculos-na-br-330-em-ipiau-deixa-um-morto-e-tres-feridos\/","title":{"rendered":"Colis\u00e3o frontal entre ve\u00edculos na BR-330 em Ipia\u00fa deixa um morto e tr\u00eas feridos"},"content":{"rendered":"<h3 class=\"post-title entry-title\"><\/h3>\n<div class=\"post-header\">\n<div class=\"post-header-line-1\"><\/div>\n<\/div>\n<div id=\"post-body-8980863769028038902\" class=\"post-body entry-content\">\n<div class=\"separator\"><a href=\"https:\/\/blogger.googleusercontent.com\/img\/b\/R29vZ2xl\/AVvXsEgv-4cxemI9CeX7kzPYrXUFBvJb-cPF5dvT90Zh4PyLQelOaouzirEZqAhHBDPMv0QkNlJIgPOKYNGTsEllI5HFhHeN_pK3xUt416PIrsAqlc1erI4oBWDCR38FNhvLTgG3-VZBmxbD1-zBow4oAe4-6RON88njRQgtdmvxtrDDrxKhEvWY0Fbm23uETmck\/s600\/dsnhj.jpg\" class=\"gallery_colorbox\"><img loading=\"lazy\" class=\"\" src=\"https:\/\/blogger.googleusercontent.com\/img\/b\/R29vZ2xl\/AVvXsEgv-4cxemI9CeX7kzPYrXUFBvJb-cPF5dvT90Zh4PyLQelOaouzirEZqAhHBDPMv0QkNlJIgPOKYNGTsEllI5HFhHeN_pK3xUt416PIrsAqlc1erI4oBWDCR38FNhvLTgG3-VZBmxbD1-zBow4oAe4-6RON88njRQgtdmvxtrDDrxKhEvWY0Fbm23uETmck\/w640-h480\/dsnhj.jpg\"  width=\"451\" height=\"338\" border=\"0\" data-original-height=\"450\" data-original-width=\"600\" \/><\/a><\/div>\n<p>Uma colis\u00e3o frontal entre dois carros na chamada Curva do Engenho, na BR-330, no munic\u00edpio de Ipia\u00fa, deixou uma pessoa morta e outras tr\u00eas feridas. O acidente ocorreu na tarde deste domingo (26), por volta das 16h. De acordo com as informa\u00e7\u00f5es de testemunhas, o motorista de um Fiat Uno de cor vermelha n\u00e3o resistiu aos ferimentos e morreu preso nas ferragens do autom\u00f3vel.<\/p>\n<div class=\"separator\"><a href=\"https:\/\/blogger.googleusercontent.com\/img\/b\/R29vZ2xl\/AVvXsEhzQfe0xdS_LpUk2I0uTNB7dAoVC_aSMsaTjHHrrOr-hVSWNJMsVVQ7PW7LDcopWRoFGRufnkipfEKKVB_XF7zcr21Fg1X6LEoDxP02py8vXmwxNMRDXguspDRPu7aF1V1HEZLkt0cd6P4aUnPXVZPJ-MFm_8z96DD8wuw5zM9MV94Gttrdcyjt916by3TO\/s600\/tyhty.jpg\" class=\"gallery_colorbox\"><img loading=\"lazy\" class=\"\" src=\"https:\/\/blogger.googleusercontent.com\/img\/b\/R29vZ2xl\/AVvXsEhzQfe0xdS_LpUk2I0uTNB7dAoVC_aSMsaTjHHrrOr-hVSWNJMsVVQ7PW7LDcopWRoFGRufnkipfEKKVB_XF7zcr21Fg1X6LEoDxP02py8vXmwxNMRDXguspDRPu7aF1V1HEZLkt0cd6P4aUnPXVZPJ-MFm_8z96DD8wuw5zM9MV94Gttrdcyjt916by3TO\/w640-h480\/tyhty.jpg\"  width=\"473\" height=\"355\" border=\"0\" data-original-height=\"450\" data-original-width=\"600\" \/><\/a><\/div>\n<p>O Corpo de Bombeiros foi acionado para retirar a v\u00edtima. O passageiro do Uno, um homem identificado como Manoel, fraturou a perna esquerda. Ele recebeu os primeiros socorros de uma equipe do Samu 192 e foi encaminhado para o Hospital Geral Prado Valadares, na cidade de Jequi\u00e9.<\/p>\n<div class=\"separator\"><a href=\"https:\/\/blogger.googleusercontent.com\/img\/b\/R29vZ2xl\/AVvXsEh-mzu8EWucSZ-DlJ_MD22ooptemZqDln5nQt29nkT7qXj6wbBrrGRijhUvV08ll9Gv3L0T79g8gcoE45g5YBjdRem6t3Na0mFoWCiR-Zkt7XTKhPnP6jwNanZ78hOOMSfNTRwMAxFHWiM2Ypxs8BPpV7dz4hirkY3Fwlq-00Z7o4cd4I5zOpG6EJe8jh7v\/s600\/yhhgg.jpg\" class=\"gallery_colorbox\"><img loading=\"lazy\" class=\"\" src=\"https:\/\/blogger.googleusercontent.com\/img\/b\/R29vZ2xl\/AVvXsEh-mzu8EWucSZ-DlJ_MD22ooptemZqDln5nQt29nkT7qXj6wbBrrGRijhUvV08ll9Gv3L0T79g8gcoE45g5YBjdRem6t3Na0mFoWCiR-Zkt7XTKhPnP6jwNanZ78hOOMSfNTRwMAxFHWiM2Ypxs8BPpV7dz4hirkY3Fwlq-00Z7o4cd4I5zOpG6EJe8jh7v\/w640-h480\/yhhgg.jpg\"  width=\"492\" height=\"369\" border=\"0\" data-original-height=\"450\" data-original-width=\"600\" \/><\/a><\/div>\n<p>Os dois ocupantes do Uno s\u00e3o moradores da zona rural de Jita\u00fana. Consciente, Manoel informou que o motorista morto no acidente \u00e9 conhecido como Jo\u00e3o. Ainda segundo, Manoel, eles retornavam de Ipia\u00fa para Jita\u00fana quando ocorreu o acidente. As informa\u00e7\u00f5es e imagens s\u00e3o do\u00a0Giro em Ipia\u00fa.<\/p>\n<div class=\"separator\"><a href=\"https:\/\/blogger.googleusercontent.com\/img\/b\/R29vZ2xl\/AVvXsEh0MruxcY3kVDuPdZfqmNJvCObMjO8DZiNZGWYDggKQnnZYQalkKpIqtdtTtWJr22Bm8yX3XY1XA_vj1LWaxXL2yKVeaZbuUoS38hyR6tCjryUbSiG3JupGNL40QV5ETYaX-yuMCjdYgZV3BqfG9bJihqAeqsy8DiafFSFLGzYBjuAh64fKD97m1hyGCt6h\/s600\/ghfhghjg.jpg\" class=\"gallery_colorbox\"><img loading=\"lazy\" class=\"\" src=\"https:\/\/blogger.googleusercontent.com\/img\/b\/R29vZ2xl\/AVvXsEh0MruxcY3kVDuPdZfqmNJvCObMjO8DZiNZGWYDggKQnnZYQalkKpIqtdtTtWJr22Bm8yX3XY1XA_vj1LWaxXL2yKVeaZbuUoS38hyR6tCjryUbSiG3JupGNL40QV5ETYaX-yuMCjdYgZV3BqfG9bJihqAeqsy8DiafFSFLGzYBjuAh64fKD97m1hyGCt6h\/w640-h480\/ghfhghjg.jpg\"  width=\"507\" height=\"380\" border=\"0\" data-original-height=\"450\" data-original-width=\"600\" \/><\/a><\/div>\n<p>De acordo com informa\u00e7\u00f5es do Corpo de Bombeiros, dois ocupantes do outro carro, um Toyota Corolla, foram levados por populares ao Hospital Geral de Ipia\u00fa, aparentemente sem gravidades. A causa do acidente ser\u00e1 apurada pela Pol\u00edcia Rodovi\u00e1ria Federal. O Departamento de Pol\u00edcia T\u00e9cnica foi acionado para remover o corpo do local do acidente e encaminhar ao Instituto M\u00e9dico Legal em Jequi\u00e9.<\/p>\n<\/div>\n","protected":false},"excerpt":{"rendered":"<p>Uma colis\u00e3o frontal entre dois carros na chamada Curva do Engenho, na BR-330, no munic\u00edpio de Ipia\u00fa, deixou uma pessoa morta e outras tr\u00eas feridas. O acidente ocorreu na tarde deste domingo (26), por volta das 16h. De acordo com as informa\u00e7\u00f5es de testemunhas, o motorista de um Fiat Uno de cor vermelha n\u00e3o resistiu [&hellip;]<\/p>\n","protected":false},"author":3,"featured_media":7817,"comment_status":"closed","ping_status":"closed","sticky":false,"template":"","format":"standard","meta":{"_links_to":"","_links_to_target":""},"categories":[2],"tags":[],"_links":{"self":[{"href":"https:\/\/www.correiodascidades.com.br\/v1\/wp-json\/wp\/v2\/posts\/7876"}],"collection":[{"href":"https:\/\/www.correiodascidades.com.br\/v1\/wp-json\/wp\/v2\/posts"}],"about":[{"href":"https:\/\/www.correiodascidades.com.br\/v1\/wp-json\/wp\/v2\/types\/post"}],"author":[{"embeddable":true,"href":"https:\/\/www.correiodascidades.com.br\/v1\/wp-json\/wp\/v2\/users\/3"}],"replies":[{"embeddable":true,"href":"https:\/\/www.correiodascidades.com.br\/v1\/wp-json\/wp\/v2\/comments?post=7876"}],"version-history":[{"count":1,"href":"https:\/\/www.correiodascidades.com.br\/v1\/wp-json\/wp\/v2\/posts\/7876\/revisions"}],"predecessor-version":[{"id":7877,"href":"https:\/\/www.correiodascidades.com.br\/v1\/wp-json\/wp\/v2\/posts\/7876\/revisions\/7877"}],"wp:featuredmedia":[{"embeddable":true,"href":"https:\/\/www.correiodascidades.com.br\/v1\/wp-json\/wp\/v2\/media\/7817"}],"wp:attachment":[{"href":"https:\/\/www.correiodascidades.com.br\/v1\/wp-json\/wp\/v2\/media?parent=7876"}],"wp:term":[{"taxonomy":"category","embeddable":true,"href":"https:\/\/www.correiodascidades.com.br\/v1\/wp-json\/wp\/v2\/categories?post=7876"},{"taxonomy":"post_tag","embeddable":true,"href":"https:\/\/www.correiodascidades.com.br\/v1\/wp-json\/wp\/v2\/tags?post=7876"}],"curies":[{"name":"wp","href":"https:\/\/api.w.org\/{rel}","templated":true}]}}