{"id":7899,"date":"2023-11-29T04:55:51","date_gmt":"2023-11-29T07:55:51","guid":{"rendered":"https:\/\/www.correiodascidades.com.br\/v1\/?p=7899"},"modified":"2023-11-29T04:55:51","modified_gmt":"2023-11-29T07:55:51","slug":"ambulancia-vai-buscar-gestante-e-pega-fogo-no-meio-do-caminho","status":"publish","type":"post","link":"https:\/\/www.correiodascidades.com.br\/v1\/2023\/11\/29\/ambulancia-vai-buscar-gestante-e-pega-fogo-no-meio-do-caminho\/","title":{"rendered":"Ambul\u00e2ncia vai buscar gestante e pega fogo no meio do caminho"},"content":{"rendered":"<p><img loading=\"lazy\" class=\"\" src=\"https:\/\/www.correiodascidades.com.br\/v1\/wp-content\/uploads\/2023\/11\/cats-6-_1_-fogo-1.jpeg\" width=\"521\" height=\"312\" \/><\/p>\n<p>O condutor relata que ao tentar religar a ambul\u00e2ncia, ouviu uma\u00a0<a href=\"https:\/\/midiabahia.com.br\/explosao-e-registrada-na-fabrica-braskem-em-camacari\/\" data-type=\"post\" data-id=\"8801795\">pequena explos\u00e3o antes das chamas se iniciarem<\/a>. O fogo come\u00e7ou na parte do motor e em poucos minutos se estendeu por toda ambul\u00e2ncia. O motorista ainda conseguiu retirar uma maca e tentou, mas sem sucesso, retirar um cilindro de oxig\u00eanio para evitar uma explos\u00e3o.<\/p>\n<p>A informa\u00e7\u00e3o \u00e9 de que o ve\u00edculo estava indo buscar uma paciente, em um local pr\u00f3ximo de onde pegou fogo. Apesar do susto, ningu\u00e9m se feriu. A prefeitura de Nova Ibi\u00e1 n\u00e3o comentou sobre o caso.<\/p>\n","protected":false},"excerpt":{"rendered":"<p>O condutor relata que ao tentar religar a ambul\u00e2ncia, ouviu uma\u00a0pequena explos\u00e3o antes das chamas se iniciarem. O fogo come\u00e7ou na parte do motor e em poucos minutos se estendeu por toda ambul\u00e2ncia. O motorista ainda conseguiu retirar uma maca e tentou, mas sem sucesso, retirar um cilindro de oxig\u00eanio para evitar uma explos\u00e3o. A [&hellip;]<\/p>\n","protected":false},"author":3,"featured_media":7900,"comment_status":"closed","ping_status":"closed","sticky":false,"template":"","format":"standard","meta":{"_links_to":"","_links_to_target":""},"categories":[2],"tags":[],"_links":{"self":[{"href":"https:\/\/www.correiodascidades.com.br\/v1\/wp-json\/wp\/v2\/posts\/7899"}],"collection":[{"href":"https:\/\/www.correiodascidades.com.br\/v1\/wp-json\/wp\/v2\/posts"}],"about":[{"href":"https:\/\/www.correiodascidades.com.br\/v1\/wp-json\/wp\/v2\/types\/post"}],"author":[{"embeddable":true,"href":"https:\/\/www.correiodascidades.com.br\/v1\/wp-json\/wp\/v2\/users\/3"}],"replies":[{"embeddable":true,"href":"https:\/\/www.correiodascidades.com.br\/v1\/wp-json\/wp\/v2\/comments?post=7899"}],"version-history":[{"count":1,"href":"https:\/\/www.correiodascidades.com.br\/v1\/wp-json\/wp\/v2\/posts\/7899\/revisions"}],"predecessor-version":[{"id":7901,"href":"https:\/\/www.correiodascidades.com.br\/v1\/wp-json\/wp\/v2\/posts\/7899\/revisions\/7901"}],"wp:featuredmedia":[{"embeddable":true,"href":"https:\/\/www.correiodascidades.com.br\/v1\/wp-json\/wp\/v2\/media\/7900"}],"wp:attachment":[{"href":"https:\/\/www.correiodascidades.com.br\/v1\/wp-json\/wp\/v2\/media?parent=7899"}],"wp:term":[{"taxonomy":"category","embeddable":true,"href":"https:\/\/www.correiodascidades.com.br\/v1\/wp-json\/wp\/v2\/categories?post=7899"},{"taxonomy":"post_tag","embeddable":true,"href":"https:\/\/www.correiodascidades.com.br\/v1\/wp-json\/wp\/v2\/tags?post=7899"}],"curies":[{"name":"wp","href":"https:\/\/api.w.org\/{rel}","templated":true}]}}