{"id":7902,"date":"2023-11-29T05:02:42","date_gmt":"2023-11-29T08:02:42","guid":{"rendered":"https:\/\/www.correiodascidades.com.br\/v1\/?p=7902"},"modified":"2023-11-29T07:59:38","modified_gmt":"2023-11-29T10:59:38","slug":"ilheus-augustao-solicita-a-recuperacao-de-ruas-dos-bairros-da-zona-sul-de-ilheus","status":"publish","type":"post","link":"https:\/\/www.correiodascidades.com.br\/v1\/2023\/11\/29\/ilheus-augustao-solicita-a-recuperacao-de-ruas-dos-bairros-da-zona-sul-de-ilheus\/","title":{"rendered":"ILH\u00c9US: August\u00e3o solicita a recupera\u00e7\u00e3o de ruas dos bairros da zona sul de Ilh\u00e9us"},"content":{"rendered":"<div class=\"entry-content\">\n<figure id=\"attachment_91571\" class=\"wp-caption alignleft\" style=\"width: 531px;\" aria-describedby=\"caption-attachment-91571\"><img loading=\"lazy\" class=\" wp-image-91571\" src=\"https:\/\/fabiorobertonoticias.com.br\/wp-content\/uploads\/2023\/11\/IMG-20231128-WA0391.jpg\" sizes=\"(max-width: 773px) 100vw, 773px\" srcset=\"https:\/\/fabiorobertonoticias.com.br\/wp-content\/uploads\/2023\/11\/IMG-20231128-WA0391.jpg 773w, https:\/\/fabiorobertonoticias.com.br\/wp-content\/uploads\/2023\/11\/IMG-20231128-WA0391-300x300.jpg 300w, https:\/\/fabiorobertonoticias.com.br\/wp-content\/uploads\/2023\/11\/IMG-20231128-WA0391-150x150.jpg 150w, https:\/\/fabiorobertonoticias.com.br\/wp-content\/uploads\/2023\/11\/IMG-20231128-WA0391-768x768.jpg 768w\" alt=\"\" width=\"531\" height=\"531\" \/><\/figure>\n<p>&nbsp;<\/p>\n<p>&nbsp;<\/p>\n<p>&nbsp;<\/p>\n<p>&nbsp;<\/p>\n<p>&nbsp;<\/p>\n<p>&nbsp;<\/p>\n<p>&nbsp;<\/p>\n<p>&nbsp;<\/p>\n<p>&nbsp;<\/p>\n<p>&nbsp;<\/p>\n<p>&nbsp;<\/p>\n<p>&nbsp;<\/p>\n<p>&nbsp;<\/p>\n<p>&nbsp;<\/p>\n<p>&nbsp;<\/p>\n<p>Com a proposta de garantir a acessibilidade, impulsionar o com\u00e9rcio, investir no turismo e melhorar a qualidade de vida dos moradores, o vereador August\u00e3o apresentou na C\u00e2mara Municipal de Ilh\u00e9us um requerimento solicitando a recupera\u00e7\u00e3o de diversas ruas nos bairros da zona sul. De acordo com o vereador, as ruas dos bairros de Ilh\u00e9us est\u00e3o esburacadas, muitas interditadas e provocando acidentes e preju\u00edzos para os moradores, precisando urgentemente de reformas e recupera\u00e7\u00e3o.<\/p>\n<p>Na lista de logradouros solicitados pelo vereador para serem recuperados est\u00e3o as ruas 13 de Maio, Castro Alves, Senador Salgado Filho, David Maia, Herm\u00ednio Ramos, J\u00falio de Brito, Bar\u00e3o do Rio Branco, Am\u00e9rico Barreiras, Herotildes de Melo, Inoc\u00eancio Correia, Juca Pinto, Casimiro Costa, al\u00e9m da Pra\u00e7a S\u00e3o Jo\u00e3o Batista, no Pontal. Tamb\u00e9m foi solicitado por August\u00e3o a recupera\u00e7\u00e3o de diversas ruas dos mais diversos bairros de Ilh\u00e9us.<\/p>\n<p>August\u00e3o informou que as obras que v\u00eam sendo realizadas em Ilh\u00e9us est\u00e3o sendo executadas pelo Governo do Estado e n\u00e3o se observa a presen\u00e7a da Prefeitura atuando no munic\u00edpio, realizando aquilo que \u00e9 direito da popula\u00e7\u00e3o. \u201cN\u00f3s precisamos mostrar ao prefeito que a cidade est\u00e1 abandonada, as ruas est\u00e3o esburacadas e que \u00e9 necess\u00e1rio come\u00e7ar a trabalhar por Ilh\u00e9us\u201d, denunciou o vereador. \u201cIlh\u00e9us \u00e9 uma cidade bonita, com potencial tur\u00edstico e n\u00e3o pode mais continuar abandonada desse jeito\u201d, complementou.<\/p>\n<\/div>\n","protected":false},"excerpt":{"rendered":"<p>&nbsp; &nbsp; &nbsp; &nbsp; &nbsp; &nbsp; &nbsp; &nbsp; &nbsp; &nbsp; &nbsp; &nbsp; &nbsp; &nbsp; &nbsp; Com a proposta de garantir a acessibilidade, impulsionar o com\u00e9rcio, investir no turismo e melhorar a qualidade de vida dos moradores, o vereador August\u00e3o apresentou na C\u00e2mara Municipal de Ilh\u00e9us um requerimento solicitando a recupera\u00e7\u00e3o de diversas ruas nos bairros [&hellip;]<\/p>\n","protected":false},"author":3,"featured_media":7903,"comment_status":"closed","ping_status":"closed","sticky":false,"template":"","format":"standard","meta":{"_links_to":"","_links_to_target":""},"categories":[10],"tags":[],"_links":{"self":[{"href":"https:\/\/www.correiodascidades.com.br\/v1\/wp-json\/wp\/v2\/posts\/7902"}],"collection":[{"href":"https:\/\/www.correiodascidades.com.br\/v1\/wp-json\/wp\/v2\/posts"}],"about":[{"href":"https:\/\/www.correiodascidades.com.br\/v1\/wp-json\/wp\/v2\/types\/post"}],"author":[{"embeddable":true,"href":"https:\/\/www.correiodascidades.com.br\/v1\/wp-json\/wp\/v2\/users\/3"}],"replies":[{"embeddable":true,"href":"https:\/\/www.correiodascidades.com.br\/v1\/wp-json\/wp\/v2\/comments?post=7902"}],"version-history":[{"count":1,"href":"https:\/\/www.correiodascidades.com.br\/v1\/wp-json\/wp\/v2\/posts\/7902\/revisions"}],"predecessor-version":[{"id":7904,"href":"https:\/\/www.correiodascidades.com.br\/v1\/wp-json\/wp\/v2\/posts\/7902\/revisions\/7904"}],"wp:featuredmedia":[{"embeddable":true,"href":"https:\/\/www.correiodascidades.com.br\/v1\/wp-json\/wp\/v2\/media\/7903"}],"wp:attachment":[{"href":"https:\/\/www.correiodascidades.com.br\/v1\/wp-json\/wp\/v2\/media?parent=7902"}],"wp:term":[{"taxonomy":"category","embeddable":true,"href":"https:\/\/www.correiodascidades.com.br\/v1\/wp-json\/wp\/v2\/categories?post=7902"},{"taxonomy":"post_tag","embeddable":true,"href":"https:\/\/www.correiodascidades.com.br\/v1\/wp-json\/wp\/v2\/tags?post=7902"}],"curies":[{"name":"wp","href":"https:\/\/api.w.org\/{rel}","templated":true}]}}