{"id":7905,"date":"2023-11-29T12:00:38","date_gmt":"2023-11-29T15:00:38","guid":{"rendered":"https:\/\/www.correiodascidades.com.br\/v1\/?p=7905"},"modified":"2023-11-29T12:11:36","modified_gmt":"2023-11-29T15:11:36","slug":"ilheus-hospital-materno-infantil-joaquim-sampaio-recebe-reconhecimento-nacional-pela-excelencia-em-enfermagem","status":"publish","type":"post","link":"https:\/\/www.correiodascidades.com.br\/v1\/2023\/11\/29\/ilheus-hospital-materno-infantil-joaquim-sampaio-recebe-reconhecimento-nacional-pela-excelencia-em-enfermagem\/","title":{"rendered":"ILH\u00c9US: Hospital Materno-Infantil Joaquim Sampaio Recebe Reconhecimento Nacional pela Excel\u00eancia em Enfermagem"},"content":{"rendered":"<p>&nbsp;<\/p>\n<div id=\"attachment_11849\" style=\"width: 616px\" class=\"wp-caption alignnone\"><img aria-describedby=\"caption-attachment-11849\" loading=\"lazy\" class=\"wp-image-11849\" src=\"https:\/\/www.abronca.com.br\/v1\/wp-content\/uploads\/2023\/11\/RICARDO-E-MAR\u00c3O-500x298.jpg\" alt=\"\" width=\"606\" height=\"361\" \/><p id=\"caption-attachment-11849\" class=\"wp-caption-text\"><strong>Prefeito Mar\u00e3o visitou a unidade e parabenizou o presidente Ricardo Mendon\u00e7a da Funda\u00e7\u00e3o Estatal Sa\u00fade da Fam\u00edlia \u2013 FESF. Foto: Divulga\u00e7\u00e3o.<\/strong><\/p><\/div>\n<p style=\"text-align: justify;\">O Hospital Materno-Infantil Dr. Joaquim Sampaio, localizado na regi\u00e3o sul da Bahia, em Ilh\u00e9us, tem sido um marco de excel\u00eancia e cuidado especializado. Recentemente, tr\u00eas enfermeiras da institui\u00e7\u00e3o foram agraciadas com o prestigioso Pr\u00eamio Anna Nery, um reconhecimento pelo seu destaque profissional nas \u00e1reas de Sa\u00fade da Crian\u00e7a e do Adolescente, e Urg\u00eancia e Emerg\u00eancia.<\/p>\n<p><!--more--><\/p>\n<p><img loading=\"lazy\" class=\"alignnone wp-image-11848\" src=\"https:\/\/www.abronca.com.br\/v1\/wp-content\/uploads\/2023\/11\/MATERNO-500x272.jpg\" alt=\"\" width=\"600\" height=\"326\" \/><\/p>\n<p style=\"text-align: justify;\">Este pr\u00eamio \u00e9 fruto da dedica\u00e7\u00e3o e da qualidade dos servi\u00e7os prestados no hospital. Esta esta homenagem v\u00eam destacar o compromisso do Hospital Materno-Infantil Dr. Joaquim Sampaio com a excel\u00eancia no atendimento, bem como o reconhecimento do valor e da compet\u00eancia dos seus profissionais de sa\u00fade. A Secretaria Estadual de Sa\u00fade da Bahia e a Funda\u00e7\u00e3o Estatal Sa\u00fade da Fam\u00edlia \u2013 FESF, gestora da unidade, t\u00eam recebido muitas mensagens de parab\u00e9ns pelo pr\u00eamio.<\/p>\n<p style=\"text-align: justify;\">Informa\u00e7\u00f5es: Blog Povos Ind\u00edgenas<\/p>\n","protected":false},"excerpt":{"rendered":"<p>&nbsp; O Hospital Materno-Infantil Dr. Joaquim Sampaio, localizado na regi\u00e3o sul da Bahia, em Ilh\u00e9us, tem sido um marco de excel\u00eancia e cuidado especializado. Recentemente, tr\u00eas enfermeiras da institui\u00e7\u00e3o foram agraciadas com o prestigioso Pr\u00eamio Anna Nery, um reconhecimento pelo seu destaque profissional nas \u00e1reas de Sa\u00fade da Crian\u00e7a e do Adolescente, e Urg\u00eancia e [&hellip;]<\/p>\n","protected":false},"author":3,"featured_media":7906,"comment_status":"closed","ping_status":"closed","sticky":false,"template":"","format":"standard","meta":{"_links_to":"","_links_to_target":""},"categories":[44],"tags":[],"_links":{"self":[{"href":"https:\/\/www.correiodascidades.com.br\/v1\/wp-json\/wp\/v2\/posts\/7905"}],"collection":[{"href":"https:\/\/www.correiodascidades.com.br\/v1\/wp-json\/wp\/v2\/posts"}],"about":[{"href":"https:\/\/www.correiodascidades.com.br\/v1\/wp-json\/wp\/v2\/types\/post"}],"author":[{"embeddable":true,"href":"https:\/\/www.correiodascidades.com.br\/v1\/wp-json\/wp\/v2\/users\/3"}],"replies":[{"embeddable":true,"href":"https:\/\/www.correiodascidades.com.br\/v1\/wp-json\/wp\/v2\/comments?post=7905"}],"version-history":[{"count":3,"href":"https:\/\/www.correiodascidades.com.br\/v1\/wp-json\/wp\/v2\/posts\/7905\/revisions"}],"predecessor-version":[{"id":7909,"href":"https:\/\/www.correiodascidades.com.br\/v1\/wp-json\/wp\/v2\/posts\/7905\/revisions\/7909"}],"wp:featuredmedia":[{"embeddable":true,"href":"https:\/\/www.correiodascidades.com.br\/v1\/wp-json\/wp\/v2\/media\/7906"}],"wp:attachment":[{"href":"https:\/\/www.correiodascidades.com.br\/v1\/wp-json\/wp\/v2\/media?parent=7905"}],"wp:term":[{"taxonomy":"category","embeddable":true,"href":"https:\/\/www.correiodascidades.com.br\/v1\/wp-json\/wp\/v2\/categories?post=7905"},{"taxonomy":"post_tag","embeddable":true,"href":"https:\/\/www.correiodascidades.com.br\/v1\/wp-json\/wp\/v2\/tags?post=7905"}],"curies":[{"name":"wp","href":"https:\/\/api.w.org\/{rel}","templated":true}]}}