{"id":7911,"date":"2023-11-29T17:53:51","date_gmt":"2023-11-29T20:53:51","guid":{"rendered":"https:\/\/www.correiodascidades.com.br\/v1\/?p=7911"},"modified":"2023-11-29T18:16:00","modified_gmt":"2023-11-29T21:16:00","slug":"ilheus-escola-de-tempo-integral-no-hernani-sa-podera-se-chamar-professora-carmelita-angela","status":"publish","type":"post","link":"https:\/\/www.correiodascidades.com.br\/v1\/2023\/11\/29\/ilheus-escola-de-tempo-integral-no-hernani-sa-podera-se-chamar-professora-carmelita-angela\/","title":{"rendered":"\u00a0ILH\u00c9US: Escola de Tempo Integral no Hernani S\u00e1 poder\u00e1 se chamar Professora Carmelita \u00c2ngela"},"content":{"rendered":"<p><img src=\"https:\/\/www.correiodascidades.com.br\/v1\/wp-content\/uploads\/2023\/11\/b95c8843-3fa2-4c0d-91aa-22a5eaadc80a-300x300.jpg\" \/><\/p>\n<p>&nbsp;<\/p>\n<p>Um esfor\u00e7o dos membros Petistas na cidade est\u00e1 convergindo na dire\u00e7\u00e3o de verem posto na Escola do Hernani S\u00e1, o nome da Professora Carmelita.<\/p>\n<p>O referido gesto se d\u00e1 em torno da citada pessoa em raz\u00e3o do seu dedicado tempo na educa\u00e7\u00e3o.<\/p>\n<p>A professora Carmelita viveu parte de sua vida dentro da sala de aula, lecionando e fazendo o que melhor sabia fazer. Foi Presidente do \u00f3rg\u00e3o maior da categoria O sindicato dos professores. (APPI).<\/p>\n<p>Veio a politica e Carm\u00e9 foi eleita Vereadora por dois mandatos\u00a0 cujo o mesmo foi parte deste voltado a categoria.<\/p>\n<p>Agora a cidade poder\u00e1 ver a referida honraria posta dentro de um espa\u00e7o onde a mesma viveu por d\u00e9cadas.<\/p>\n<p>Oreferido pedido assim est\u00e1 escrito pelos apoiadores do movimento e foi encabe\u00e7ado pela Vereadora Enilda Mendon\u00e7a, atrav\u00e9s de requerimento. Leia abaixo <!--more--><\/p>\n<p>\ud83d\udc9a A companheira Carmelita \u00c2ngela dedicou sua vida \u00e0 educa\u00e7\u00e3o. Professora e defensora dos trabalhadores do setor, merece nosso esfor\u00e7o para homenage\u00e1-la a altura de sua trajet\u00f3ria. Nesta ter\u00e7a-feira (28) foi aprovado o requerimento de minha autoria sugerindo que o nome da nova escola em tempo integral, em constru\u00e7\u00e3o no Hernani S\u00e1, se chame &#8220;Professora Carmelita \u00c2ngela Sousa Oliveira&#8221;. Nossa companheira era entusiasta desse modelo de institui\u00e7\u00e3o e acreditamos que se sentiria muito honrada com a homenagem. #CarmelitaPresente<\/p>\n<p>&nbsp;<\/p>\n<p>&nbsp;<\/p>\n<p>&nbsp;<\/p>\n","protected":false},"excerpt":{"rendered":"<p>&nbsp; Um esfor\u00e7o dos membros Petistas na cidade est\u00e1 convergindo na dire\u00e7\u00e3o de verem posto na Escola do Hernani S\u00e1, o nome da Professora Carmelita. O referido gesto se d\u00e1 em torno da citada pessoa em raz\u00e3o do seu dedicado tempo na educa\u00e7\u00e3o. A professora Carmelita viveu parte de sua vida dentro da sala de [&hellip;]<\/p>\n","protected":false},"author":3,"featured_media":7912,"comment_status":"closed","ping_status":"closed","sticky":false,"template":"","format":"standard","meta":{"_links_to":"","_links_to_target":""},"categories":[2],"tags":[],"_links":{"self":[{"href":"https:\/\/www.correiodascidades.com.br\/v1\/wp-json\/wp\/v2\/posts\/7911"}],"collection":[{"href":"https:\/\/www.correiodascidades.com.br\/v1\/wp-json\/wp\/v2\/posts"}],"about":[{"href":"https:\/\/www.correiodascidades.com.br\/v1\/wp-json\/wp\/v2\/types\/post"}],"author":[{"embeddable":true,"href":"https:\/\/www.correiodascidades.com.br\/v1\/wp-json\/wp\/v2\/users\/3"}],"replies":[{"embeddable":true,"href":"https:\/\/www.correiodascidades.com.br\/v1\/wp-json\/wp\/v2\/comments?post=7911"}],"version-history":[{"count":4,"href":"https:\/\/www.correiodascidades.com.br\/v1\/wp-json\/wp\/v2\/posts\/7911\/revisions"}],"predecessor-version":[{"id":7920,"href":"https:\/\/www.correiodascidades.com.br\/v1\/wp-json\/wp\/v2\/posts\/7911\/revisions\/7920"}],"wp:featuredmedia":[{"embeddable":true,"href":"https:\/\/www.correiodascidades.com.br\/v1\/wp-json\/wp\/v2\/media\/7912"}],"wp:attachment":[{"href":"https:\/\/www.correiodascidades.com.br\/v1\/wp-json\/wp\/v2\/media?parent=7911"}],"wp:term":[{"taxonomy":"category","embeddable":true,"href":"https:\/\/www.correiodascidades.com.br\/v1\/wp-json\/wp\/v2\/categories?post=7911"},{"taxonomy":"post_tag","embeddable":true,"href":"https:\/\/www.correiodascidades.com.br\/v1\/wp-json\/wp\/v2\/tags?post=7911"}],"curies":[{"name":"wp","href":"https:\/\/api.w.org\/{rel}","templated":true}]}}