{"id":7914,"date":"2023-11-29T18:10:09","date_gmt":"2023-11-29T21:10:09","guid":{"rendered":"https:\/\/www.correiodascidades.com.br\/v1\/?p=7914"},"modified":"2023-11-29T18:10:09","modified_gmt":"2023-11-29T21:10:09","slug":"hidrogenio-verde-deve-gerar-ate-10-mil-empregos-no-piaui-afirma-presidente-da-investe-piaui","status":"publish","type":"post","link":"https:\/\/www.correiodascidades.com.br\/v1\/2023\/11\/29\/hidrogenio-verde-deve-gerar-ate-10-mil-empregos-no-piaui-afirma-presidente-da-investe-piaui\/","title":{"rendered":"Hidrog\u00eanio verde deve gerar at\u00e9 10 mil empregos no Piau\u00ed, afirma presidente da Investe Piau\u00ed"},"content":{"rendered":"<p><img loading=\"lazy\" class=\"\" src=\"https:\/\/www.correiodascidades.com.br\/v1\/wp-content\/uploads\/2023\/11\/ce48fe46445e918b57f752554cdc8e71-hidrogenio.jpeg\" width=\"551\" height=\"413\" \/><\/p>\n<p>Um dos resultados dessas viagens, na Semana Europeia de Hidrog\u00eanio, no dia 20 deste m\u00eas, a presidente da Uni\u00e3o Europeia (UE), Ursula von der Leyen, acenou o apoio para a constru\u00e7\u00e3o da usina de hidrog\u00eanio verde em Parna\u00edba, no litoral do estado.<\/p>\n<p>Com a usina j\u00e1 licenciada em Parna\u00edba, Victor Hugo explicou que o Piau\u00ed tem se tornado uma &#8220;meca&#8221; para \u00a0os investidores neste setor em todo o mundo da \u00e1rea devido ao ambiente e recursos naturais prop\u00edcios para a produ\u00e7\u00e3o do combust\u00edvel renov\u00e1vel. Isso porque, 70% do custo de produ\u00e7\u00e3o do hidrog\u00eanio \u00e9 associado \u00e0 \u00a0facilidade de \u00e1gua, zonas de processamento de exporta\u00e7\u00e3o e incentivos fiscais.<\/p>\n<p>&#8220;O Piau\u00ed apresenta um fator raro no mundo: abund\u00e2ncia de sol, vento e \u00e1gua tanto no subsolo quanto nos rios. Esses tr\u00eas recursos, aliados \u00e0 exist\u00eancia da Zona de Processamento e Exporta\u00e7\u00e3o que temos localizada em Parna\u00edba, oferecem condi\u00e7\u00f5es ideais para atra\u00e7\u00e3o desses investimentos concretos no Piau\u00ed&#8221;, declarou o presidente.<\/p>\n<p>Victor tamb\u00e9m ressaltou que, no m\u00eas de outubro, a empresa europeia Green Energy Park (GEP) assinou com o Governo do Piau\u00ed uma carta de inten\u00e7\u00f5es para o projeto de hidrog\u00eanio verde. O acordo prev\u00ea, com investimentos de 10 bilh\u00f5es de euros (R$ 50 bilh\u00f5es), a constru\u00e7\u00e3o de um parque de hidrog\u00eanio verde em Parna\u00edba. &#8220;A expectativa inicial de produ\u00e7\u00e3o \u00e9 de 5GW de am\u00f4nia verde por ano&#8221;, complementa o presidente. <!--more--><\/p>\n<p><strong>Investimentos iniciais<\/strong><\/p>\n<p>De acordo com Victor Hugo, ser\u00e3o investidos em torno de 14 bilh\u00f5es de euros (60 bilh\u00f5es), para garantir o parque de energia verde com uma instala\u00e7\u00e3o de produ\u00e7\u00e3o de 10 gigawatts de hidrog\u00eanio limpo e am\u00f4nia. Para isso, tamb\u00e9m ser\u00e1 constru\u00eddo o terminal de am\u00f4nia no Porto de Lu\u00eds Correia, que ser\u00e1 utilizado para receber o H2V em estado de am\u00f4nia e garantir a log\u00edstica pelos canais de acesso da Europa.<\/p>\n<p>Para garantir a produ\u00e7\u00e3o de hidrog\u00eanio verde, o projeto vai precisar passar por fases at\u00e9 2035, sendo a primeira etapa prevista para ser inaugurada em 2027. &#8220;Para garantir a competitividade do potencial energ\u00e9tico do Piau\u00ed, precisaremos estabelecer um cronograma mais detalhados \u00e0s empresas e garantir condi\u00e7\u00f5es de exporta\u00e7\u00e3o e produ\u00e7\u00e3o do combust\u00edvel&#8221;, detalha o presidente. &#8220;\u00c9 um projeto minucioso, bem complexo, mas que conta com investimentos e a\u00e7\u00f5es concretas por parte do estado para que se torne realidade&#8221;, complementa Victor.<\/p>\n<p><strong>Empregos verdes<\/strong><\/p>\n<p>Atualmente, duas institui\u00e7\u00f5es internacionais j\u00e1 foram contratadas para avaliar o impacto do investimento, tanto na gera\u00e7\u00e3o de empregos, quanto na economia piauiense. Segundo Victor Hugo, a expectativa \u00e9 que sejam gerados at\u00e9 10 mil ocupa\u00e7\u00f5es, ou empregos verdes, ligado diretamente \u00e0 cadeia de produ\u00e7\u00e3o do combust\u00edvel no Piau\u00ed.<\/p>\n<p><strong>Piau\u00ed na COP<\/strong><\/p>\n<p>Nesta quarta-feira (29), Victor Hugo Almeida e o governador Rafael Fonteles (PT) embarcam para Dubai junto \u00e0 comitiva do presidente Lula, na Confer\u00eancia das Na\u00e7\u00f5es Unidas sobre Mudan\u00e7as Clim\u00e1ticas de 2023, a COP28. No evento, eles v\u00e3o apresentar tamb\u00e9m o projeto do hidrog\u00eanio verde e explicar as potencialidades do estado e o panorama da transi\u00e7\u00e3o energ\u00e9tica do estado no Brasil.<\/p>\n","protected":false},"excerpt":{"rendered":"<p>Um dos resultados dessas viagens, na Semana Europeia de Hidrog\u00eanio, no dia 20 deste m\u00eas, a presidente da Uni\u00e3o Europeia (UE), Ursula von der Leyen, acenou o apoio para a constru\u00e7\u00e3o da usina de hidrog\u00eanio verde em Parna\u00edba, no litoral do estado. Com a usina j\u00e1 licenciada em Parna\u00edba, Victor Hugo explicou que o Piau\u00ed [&hellip;]<\/p>\n","protected":false},"author":3,"featured_media":7915,"comment_status":"closed","ping_status":"closed","sticky":false,"template":"","format":"standard","meta":{"_links_to":"","_links_to_target":""},"categories":[9],"tags":[],"_links":{"self":[{"href":"https:\/\/www.correiodascidades.com.br\/v1\/wp-json\/wp\/v2\/posts\/7914"}],"collection":[{"href":"https:\/\/www.correiodascidades.com.br\/v1\/wp-json\/wp\/v2\/posts"}],"about":[{"href":"https:\/\/www.correiodascidades.com.br\/v1\/wp-json\/wp\/v2\/types\/post"}],"author":[{"embeddable":true,"href":"https:\/\/www.correiodascidades.com.br\/v1\/wp-json\/wp\/v2\/users\/3"}],"replies":[{"embeddable":true,"href":"https:\/\/www.correiodascidades.com.br\/v1\/wp-json\/wp\/v2\/comments?post=7914"}],"version-history":[{"count":1,"href":"https:\/\/www.correiodascidades.com.br\/v1\/wp-json\/wp\/v2\/posts\/7914\/revisions"}],"predecessor-version":[{"id":7916,"href":"https:\/\/www.correiodascidades.com.br\/v1\/wp-json\/wp\/v2\/posts\/7914\/revisions\/7916"}],"wp:featuredmedia":[{"embeddable":true,"href":"https:\/\/www.correiodascidades.com.br\/v1\/wp-json\/wp\/v2\/media\/7915"}],"wp:attachment":[{"href":"https:\/\/www.correiodascidades.com.br\/v1\/wp-json\/wp\/v2\/media?parent=7914"}],"wp:term":[{"taxonomy":"category","embeddable":true,"href":"https:\/\/www.correiodascidades.com.br\/v1\/wp-json\/wp\/v2\/categories?post=7914"},{"taxonomy":"post_tag","embeddable":true,"href":"https:\/\/www.correiodascidades.com.br\/v1\/wp-json\/wp\/v2\/tags?post=7914"}],"curies":[{"name":"wp","href":"https:\/\/api.w.org\/{rel}","templated":true}]}}