{"id":7921,"date":"2023-11-29T20:34:50","date_gmt":"2023-11-29T23:34:50","guid":{"rendered":"https:\/\/www.correiodascidades.com.br\/v1\/?p=7921"},"modified":"2023-11-29T20:34:50","modified_gmt":"2023-11-29T23:34:50","slug":"augustao-cobra-retorno-de-atendimento-no-posto-de-saude-de-sao-jose","status":"publish","type":"post","link":"https:\/\/www.correiodascidades.com.br\/v1\/2023\/11\/29\/augustao-cobra-retorno-de-atendimento-no-posto-de-saude-de-sao-jose\/","title":{"rendered":"August\u00e3o cobra retorno de atendimento no posto de sa\u00fade de S\u00e3o Jos\u00e9"},"content":{"rendered":"<header><\/header>\n<article>\n<div class=\"row\">\n<figure class=\"figure\"><img loading=\"lazy\" class=\"figure-img img-fluid rounded\" src=\"https:\/\/www.camarailheus.ba.gov.br\/Handler.ashx?f=i&amp;query=883eba20-4ae4-407c-8f9f-60e5f7e964c4.jpg\" alt=\"\" width=\"516\" height=\"291\" \/><figcaption class=\"figure-caption\"><\/figcaption><\/figure>\n<div class=\"gallery-buttons for-display\">Foi aprovado na tarde desta ter\u00e7a-feira( 28) o requerimento n\u00ba 680\/2023 do vereador August\u00e3o (PT), solicitando informa\u00e7\u00f5es \u00e0 Secretaria Municipal de Sa\u00fade acerca da falta de atendimento m\u00e9dico no posto de sa\u00fade do distrito de S\u00e3o Jos\u00e9. O pedido foi votado e aprovado na 67\u00aa Sess\u00e3o Ordin\u00e1ria da C\u00e2mara Municipal de Ilh\u00e9us.<\/div>\n<\/div>\n<div class=\"row\">\n<div class=\"col-xs-12\">\n<p class=\"text-justify\">&#8220;Os moradores da comunidade supracitada tem relatado que est\u00e3o sem atendimento m\u00e9dico e que os profissionais de sa\u00fade informaram que deixariam de atender por falta de pagamento. Ent\u00e3o, diante o exposto, solicito urg\u00eancia na resolu\u00e7\u00e3o do problema&#8221;, denunciou o vereador.<\/p>\n<\/div>\n<\/div>\n<\/article>\n","protected":false},"excerpt":{"rendered":"<p>Foi aprovado na tarde desta ter\u00e7a-feira( 28) o requerimento n\u00ba 680\/2023 do vereador August\u00e3o (PT), solicitando informa\u00e7\u00f5es \u00e0 Secretaria Municipal de Sa\u00fade acerca da falta de atendimento m\u00e9dico no posto de sa\u00fade do distrito de S\u00e3o Jos\u00e9. O pedido foi votado e aprovado na 67\u00aa Sess\u00e3o Ordin\u00e1ria da C\u00e2mara Municipal de Ilh\u00e9us. &#8220;Os moradores da [&hellip;]<\/p>\n","protected":false},"author":3,"featured_media":7922,"comment_status":"closed","ping_status":"closed","sticky":false,"template":"","format":"standard","meta":{"_links_to":"","_links_to_target":""},"categories":[10],"tags":[],"_links":{"self":[{"href":"https:\/\/www.correiodascidades.com.br\/v1\/wp-json\/wp\/v2\/posts\/7921"}],"collection":[{"href":"https:\/\/www.correiodascidades.com.br\/v1\/wp-json\/wp\/v2\/posts"}],"about":[{"href":"https:\/\/www.correiodascidades.com.br\/v1\/wp-json\/wp\/v2\/types\/post"}],"author":[{"embeddable":true,"href":"https:\/\/www.correiodascidades.com.br\/v1\/wp-json\/wp\/v2\/users\/3"}],"replies":[{"embeddable":true,"href":"https:\/\/www.correiodascidades.com.br\/v1\/wp-json\/wp\/v2\/comments?post=7921"}],"version-history":[{"count":1,"href":"https:\/\/www.correiodascidades.com.br\/v1\/wp-json\/wp\/v2\/posts\/7921\/revisions"}],"predecessor-version":[{"id":7923,"href":"https:\/\/www.correiodascidades.com.br\/v1\/wp-json\/wp\/v2\/posts\/7921\/revisions\/7923"}],"wp:featuredmedia":[{"embeddable":true,"href":"https:\/\/www.correiodascidades.com.br\/v1\/wp-json\/wp\/v2\/media\/7922"}],"wp:attachment":[{"href":"https:\/\/www.correiodascidades.com.br\/v1\/wp-json\/wp\/v2\/media?parent=7921"}],"wp:term":[{"taxonomy":"category","embeddable":true,"href":"https:\/\/www.correiodascidades.com.br\/v1\/wp-json\/wp\/v2\/categories?post=7921"},{"taxonomy":"post_tag","embeddable":true,"href":"https:\/\/www.correiodascidades.com.br\/v1\/wp-json\/wp\/v2\/tags?post=7921"}],"curies":[{"name":"wp","href":"https:\/\/api.w.org\/{rel}","templated":true}]}}