{"id":7924,"date":"2023-11-29T20:55:13","date_gmt":"2023-11-29T23:55:13","guid":{"rendered":"https:\/\/www.correiodascidades.com.br\/v1\/?p=7924"},"modified":"2023-11-29T20:55:13","modified_gmt":"2023-11-29T23:55:13","slug":"posto-de-saude-da-vila-cachoeira-esta-abandonado-e-o-que-diz-os-moradores","status":"publish","type":"post","link":"https:\/\/www.correiodascidades.com.br\/v1\/2023\/11\/29\/posto-de-saude-da-vila-cachoeira-esta-abandonado-e-o-que-diz-os-moradores\/","title":{"rendered":"Posto de Sa\u00fade da vila Cachoeira est\u00e1 abandonado \u00e9 o que diz os moradores"},"content":{"rendered":"<p><img loading=\"lazy\" class=\"\" src=\"https:\/\/www.correiodascidades.com.br\/v1\/wp-content\/uploads\/2023\/11\/f85ded09-c139-4aa6-a534-a6dda0a9e99f-1-posto-300x300.jpg\" width=\"500\" height=\"500\" \/><\/p>\n<p>Nada de sa\u00fade, \u00e9 desta forma que se sentem os moradores da localidade afastada da sede cerca de 12 Km.<\/p>\n<p>Na localidade, o \u00fanico Posto que deveria atender toda a popula\u00e7\u00e3o local n\u00e3o est\u00e1 funcionando, a unidade est\u00e1 completamente abandonada, com isso as pessoas n\u00e3o sabem oque fazer quando precisam de atendimento \u00e0 sa\u00fade.<\/p>\n<p>A secretaria principal institui\u00e7\u00e3o que deveria responder sobre assunto, nada fala sobre o caso. O fato \u00e9 que as pessoas n\u00e3o sabem o que fazer e est\u00e3o apelando, pedindo por socorro.<\/p>\n<p>&nbsp;<\/p>\n","protected":false},"excerpt":{"rendered":"<p>Nada de sa\u00fade, \u00e9 desta forma que se sentem os moradores da localidade afastada da sede cerca de 12 Km. Na localidade, o \u00fanico Posto que deveria atender toda a popula\u00e7\u00e3o local n\u00e3o est\u00e1 funcionando, a unidade est\u00e1 completamente abandonada, com isso as pessoas n\u00e3o sabem oque fazer quando precisam de atendimento \u00e0 sa\u00fade. A [&hellip;]<\/p>\n","protected":false},"author":3,"featured_media":7925,"comment_status":"closed","ping_status":"closed","sticky":false,"template":"","format":"standard","meta":{"_links_to":"","_links_to_target":""},"categories":[2],"tags":[],"_links":{"self":[{"href":"https:\/\/www.correiodascidades.com.br\/v1\/wp-json\/wp\/v2\/posts\/7924"}],"collection":[{"href":"https:\/\/www.correiodascidades.com.br\/v1\/wp-json\/wp\/v2\/posts"}],"about":[{"href":"https:\/\/www.correiodascidades.com.br\/v1\/wp-json\/wp\/v2\/types\/post"}],"author":[{"embeddable":true,"href":"https:\/\/www.correiodascidades.com.br\/v1\/wp-json\/wp\/v2\/users\/3"}],"replies":[{"embeddable":true,"href":"https:\/\/www.correiodascidades.com.br\/v1\/wp-json\/wp\/v2\/comments?post=7924"}],"version-history":[{"count":1,"href":"https:\/\/www.correiodascidades.com.br\/v1\/wp-json\/wp\/v2\/posts\/7924\/revisions"}],"predecessor-version":[{"id":7926,"href":"https:\/\/www.correiodascidades.com.br\/v1\/wp-json\/wp\/v2\/posts\/7924\/revisions\/7926"}],"wp:featuredmedia":[{"embeddable":true,"href":"https:\/\/www.correiodascidades.com.br\/v1\/wp-json\/wp\/v2\/media\/7925"}],"wp:attachment":[{"href":"https:\/\/www.correiodascidades.com.br\/v1\/wp-json\/wp\/v2\/media?parent=7924"}],"wp:term":[{"taxonomy":"category","embeddable":true,"href":"https:\/\/www.correiodascidades.com.br\/v1\/wp-json\/wp\/v2\/categories?post=7924"},{"taxonomy":"post_tag","embeddable":true,"href":"https:\/\/www.correiodascidades.com.br\/v1\/wp-json\/wp\/v2\/tags?post=7924"}],"curies":[{"name":"wp","href":"https:\/\/api.w.org\/{rel}","templated":true}]}}